{"id":5462,"date":"2023-12-20T00:35:05","date_gmt":"2023-12-20T03:35:05","guid":{"rendered":"https:\/\/aprimora.site\/carvalhoalmeidaadvogados\/2023\/12\/20\/atendimento-presencial-da-ouvidoria-tera-horario-reduzido-na-sexta-feira-15\/"},"modified":"2023-12-20T00:35:05","modified_gmt":"2023-12-20T03:35:05","slug":"atendimento-presencial-da-ouvidoria-tera-horario-reduzido-na-sexta-feira-15","status":"publish","type":"post","link":"https:\/\/aprimora.site\/carvalhoalmeidaadvogados\/2023\/12\/20\/atendimento-presencial-da-ouvidoria-tera-horario-reduzido-na-sexta-feira-15\/","title":{"rendered":"Atendimento presencial da Ouvidoria ter\u00e1 hor\u00e1rio reduzido na sexta-feira (15)"},"content":{"rendered":"<p>Atendimento presencial da Ouvidoria ter\u00e1 hor\u00e1rio reduzido na sexta-feira (15)<\/p>","protected":false},"excerpt":{"rendered":"<p>Atendimento presencial da Ouvidoria ter\u00e1 hor\u00e1rio reduzido na sexta-feira (15)<\/p>\n","protected":false},"author":0,"featured_media":0,"comment_status":"open","ping_status":"open","sticky":false,"template":"","format":"standard","meta":[],"categories":[1],"tags":[],"_links":{"self":[{"href":"https:\/\/aprimora.site\/carvalhoalmeidaadvogados\/wp-json\/wp\/v2\/posts\/5462"}],"collection":[{"href":"https:\/\/aprimora.site\/carvalhoalmeidaadvogados\/wp-json\/wp\/v2\/posts"}],"about":[{"href":"https:\/\/aprimora.site\/carvalhoalmeidaadvogados\/wp-json\/wp\/v2\/types\/post"}],"replies":[{"embeddable":true,"href":"https:\/\/aprimora.site\/carvalhoalmeidaadvogados\/wp-json\/wp\/v2\/comments?post=5462"}],"version-history":[{"count":0,"href":"https:\/\/aprimora.site\/carvalhoalmeidaadvogados\/wp-json\/wp\/v2\/posts\/5462\/revisions"}],"wp:attachment":[{"href":"https:\/\/aprimora.site\/carvalhoalmeidaadvogados\/wp-json\/wp\/v2\/media?parent=5462"}],"wp:term":[{"taxonomy":"category","embeddable":true,"href":"https:\/\/aprimora.site\/carvalhoalmeidaadvogados\/wp-json\/wp\/v2\/categories?post=5462"},{"taxonomy":"post_tag","embeddable":true,"href":"https:\/\/aprimora.site\/carvalhoalmeidaadvogados\/wp-json\/wp\/v2\/tags?post=5462"}],"curies":[{"name":"wp","href":"https:\/\/api.w.org\/{rel}","templated":true}]}}