{"id":5459,"date":"2023-12-20T00:35:05","date_gmt":"2023-12-20T03:35:05","guid":{"rendered":"https:\/\/aprimora.site\/carvalhoalmeidaadvogados\/2023\/12\/20\/sei-fica-indisponivel-no-sabado-16-das-16h-as-18h\/"},"modified":"2023-12-20T00:35:05","modified_gmt":"2023-12-20T03:35:05","slug":"sei-fica-indisponivel-no-sabado-16-das-16h-as-18h","status":"publish","type":"post","link":"https:\/\/aprimora.site\/carvalhoalmeidaadvogados\/2023\/12\/20\/sei-fica-indisponivel-no-sabado-16-das-16h-as-18h\/","title":{"rendered":"SEI fica indispon\u00edvel no s\u00e1bado (16) das 16h \u00e0s 18h"},"content":{"rendered":"<p>SEI fica indispon\u00edvel no s\u00e1bado (16) das 16h \u00e0s 18h<\/p>","protected":false},"excerpt":{"rendered":"<p>SEI fica indispon\u00edvel no s\u00e1bado (16) das 16h \u00e0s 18h<\/p>\n","protected":false},"author":0,"featured_media":0,"comment_status":"open","ping_status":"open","sticky":false,"template":"","format":"standard","meta":[],"categories":[1],"tags":[],"_links":{"self":[{"href":"https:\/\/aprimora.site\/carvalhoalmeidaadvogados\/wp-json\/wp\/v2\/posts\/5459"}],"collection":[{"href":"https:\/\/aprimora.site\/carvalhoalmeidaadvogados\/wp-json\/wp\/v2\/posts"}],"about":[{"href":"https:\/\/aprimora.site\/carvalhoalmeidaadvogados\/wp-json\/wp\/v2\/types\/post"}],"replies":[{"embeddable":true,"href":"https:\/\/aprimora.site\/carvalhoalmeidaadvogados\/wp-json\/wp\/v2\/comments?post=5459"}],"version-history":[{"count":0,"href":"https:\/\/aprimora.site\/carvalhoalmeidaadvogados\/wp-json\/wp\/v2\/posts\/5459\/revisions"}],"wp:attachment":[{"href":"https:\/\/aprimora.site\/carvalhoalmeidaadvogados\/wp-json\/wp\/v2\/media?parent=5459"}],"wp:term":[{"taxonomy":"category","embeddable":true,"href":"https:\/\/aprimora.site\/carvalhoalmeidaadvogados\/wp-json\/wp\/v2\/categories?post=5459"},{"taxonomy":"post_tag","embeddable":true,"href":"https:\/\/aprimora.site\/carvalhoalmeidaadvogados\/wp-json\/wp\/v2\/tags?post=5459"}],"curies":[{"name":"wp","href":"https:\/\/api.w.org\/{rel}","templated":true}]}}