{"id":5454,"date":"2023-12-20T00:35:04","date_gmt":"2023-12-20T03:35:04","guid":{"rendered":"https:\/\/aprimora.site\/carvalhoalmeidaadvogados\/2023\/12\/20\/quinta-turma-tera-sessao-ordinaria-as-10h-de-14-de-marco-de-2024\/"},"modified":"2023-12-20T00:35:04","modified_gmt":"2023-12-20T03:35:04","slug":"quinta-turma-tera-sessao-ordinaria-as-10h-de-14-de-marco-de-2024","status":"publish","type":"post","link":"https:\/\/aprimora.site\/carvalhoalmeidaadvogados\/2023\/12\/20\/quinta-turma-tera-sessao-ordinaria-as-10h-de-14-de-marco-de-2024\/","title":{"rendered":"Quinta Turma ter\u00e1 sess\u00e3o ordin\u00e1ria \u00e0s 10h de 14 de mar\u00e7o de 2024"},"content":{"rendered":"<p>Quinta Turma ter\u00e1 sess\u00e3o ordin\u00e1ria \u00e0s 10h de 14 de mar\u00e7o de 2024<\/p>","protected":false},"excerpt":{"rendered":"<p>Quinta Turma ter\u00e1 sess\u00e3o ordin\u00e1ria \u00e0s 10h de 14 de mar\u00e7o de 2024<\/p>\n","protected":false},"author":0,"featured_media":0,"comment_status":"open","ping_status":"open","sticky":false,"template":"","format":"standard","meta":[],"categories":[1],"tags":[],"_links":{"self":[{"href":"https:\/\/aprimora.site\/carvalhoalmeidaadvogados\/wp-json\/wp\/v2\/posts\/5454"}],"collection":[{"href":"https:\/\/aprimora.site\/carvalhoalmeidaadvogados\/wp-json\/wp\/v2\/posts"}],"about":[{"href":"https:\/\/aprimora.site\/carvalhoalmeidaadvogados\/wp-json\/wp\/v2\/types\/post"}],"replies":[{"embeddable":true,"href":"https:\/\/aprimora.site\/carvalhoalmeidaadvogados\/wp-json\/wp\/v2\/comments?post=5454"}],"version-history":[{"count":0,"href":"https:\/\/aprimora.site\/carvalhoalmeidaadvogados\/wp-json\/wp\/v2\/posts\/5454\/revisions"}],"wp:attachment":[{"href":"https:\/\/aprimora.site\/carvalhoalmeidaadvogados\/wp-json\/wp\/v2\/media?parent=5454"}],"wp:term":[{"taxonomy":"category","embeddable":true,"href":"https:\/\/aprimora.site\/carvalhoalmeidaadvogados\/wp-json\/wp\/v2\/categories?post=5454"},{"taxonomy":"post_tag","embeddable":true,"href":"https:\/\/aprimora.site\/carvalhoalmeidaadvogados\/wp-json\/wp\/v2\/tags?post=5454"}],"curies":[{"name":"wp","href":"https:\/\/api.w.org\/{rel}","templated":true}]}}