{"id":5226,"date":"2023-12-01T23:38:27","date_gmt":"2023-12-02T02:38:27","guid":{"rendered":"https:\/\/aprimora.site\/carvalhoalmeidaadvogados\/2023\/12\/01\/notorio-saber-sim-mas-e-ai\/"},"modified":"2023-12-01T23:38:27","modified_gmt":"2023-12-02T02:38:27","slug":"notorio-saber-sim-mas-e-ai","status":"publish","type":"post","link":"https:\/\/aprimora.site\/carvalhoalmeidaadvogados\/2023\/12\/01\/notorio-saber-sim-mas-e-ai\/","title":{"rendered":"Not\u00f3rio saber sim, mas e a\u00ed?"},"content":{"rendered":"<p>A <a href=\"https:\/\/www.jota.info\/stf\/do-supremo\/lula-indica-flavio-dino-para-ministro-do-stf-e-paulo-gonet-para-a-pgr-27112023\">indica\u00e7\u00e3o do ministro da Justi\u00e7a<\/a>, Fl\u00e1vio Dino, para o Supremo Tribunal Federal (<a href=\"https:\/\/www.jota.info\/tudo-sobre\/stf\">STF<\/a>) n\u00e3o surpreendeu. O nome do ex-juiz e ex-governador do Maranh\u00e3o j\u00e1 era um dos mais cotados para a vaga antes mesmo de o posto ser aberto com a aposentadoria de <a href=\"https:\/\/www.jota.info\/tudo-sobre\/rosa-weber\">Rosa Weber<\/a>. Isso porque a escolha seguiu a tend\u00eancia da indica\u00e7\u00e3o anterior \u2014 na ocasi\u00e3o, <a href=\"https:\/\/www.jota.info\/stf\/do-supremo\/o-que-levou-lula-a-escolher-cristiano-zanin-para-ser-ministro-do-stf-01062023\">o presidente Lula indicou Cristiano Zanin<\/a>, advogado que o representou em processos da Lava Jato.<\/p>\n<p>No entanto, levantou um debate sobre o crit\u00e9rio de \u201cnot\u00f3rio saber jur\u00eddico\u201d, exigido para o cargo. Afinal, Fl\u00e1vio Dino tem not\u00f3rio saber jur\u00eddico? E isso \u00e9 importante? Qual a relev\u00e2ncia deste requisito no atual contexto das indica\u00e7\u00f5es para o STF? S\u00e3o os debates acerca dessas quest\u00f5es que permeiam a nova edi\u00e7\u00e3o do Sem Precedentes, podcast do <strong><span class=\"jota\">JOTA<\/span><\/strong> que discute o Supremo e a Constitui\u00e7\u00e3o.<\/p>\n<p>Vale ressaltar que Dino tem carreira na magistratura, que foi exercida no in\u00edcio de sua vida profissional. Entre os cargos que ocupou \u00e0 \u00e9poca, Dino foi secret\u00e1rio-geral do Conselho Nacional de Justi\u00e7a (<a href=\"https:\/\/www.jota.info\/tudo-sobre\/cnj\">CNJ<\/a>), quando o ministro do STF, <a href=\"https:\/\/www.jota.info\/tudo-sobre\/gilmar-mendes\">Gilmar Mendes<\/a>, presidiu o \u00f3rg\u00e3o. Por\u00e9m, a principal atua\u00e7\u00e3o de Dino foi na pol\u00edtica. Ele tem experi\u00eancia no Executivo estadual, por ter sido governador, e no Legislativo, por ter sido eleito senador e ter iniciado na pol\u00edtica como deputado federal.<\/p>\n<p>Conduzido pelo diretor de Conte\u00fado do <strong><span class=\"jota\">JOTA<\/span><\/strong>, Felipe Recondo, o podcast traz ainda uma an\u00e1lise sobre o momento atual do Supremo e a repercuss\u00e3o da indica\u00e7\u00e3o de Fl\u00e1vio Dino. Participa do debate o time fixo do Sem Precedentes, composto por: Juliana Cesario Alvim, professora da Universidade Federal de Minas Gerais e da Central European University, e Thomaz Pereira, da Funda\u00e7\u00e3o Get\u00falio Vargas (FGV), no Rio de Janeiro.<\/p>\n<h3>Assista e ou\u00e7a ao novo epis\u00f3dio do Sem Precedentes<\/h3>\n<div class=\"jota-article__embed\"><\/div>","protected":false},"excerpt":{"rendered":"<p>A indica\u00e7\u00e3o do ministro da Justi\u00e7a, Fl\u00e1vio Dino, para o Supremo Tribunal Federal (STF) n\u00e3o surpreendeu. O nome do ex-juiz e ex-governador do Maranh\u00e3o j\u00e1 era um dos mais cotados para a vaga antes mesmo de o posto ser aberto com a aposentadoria de Rosa Weber. Isso porque a escolha seguiu a tend\u00eancia da indica\u00e7\u00e3o [&hellip;]<\/p>\n","protected":false},"author":0,"featured_media":0,"comment_status":"open","ping_status":"open","sticky":false,"template":"","format":"standard","meta":[],"categories":[1],"tags":[],"_links":{"self":[{"href":"https:\/\/aprimora.site\/carvalhoalmeidaadvogados\/wp-json\/wp\/v2\/posts\/5226"}],"collection":[{"href":"https:\/\/aprimora.site\/carvalhoalmeidaadvogados\/wp-json\/wp\/v2\/posts"}],"about":[{"href":"https:\/\/aprimora.site\/carvalhoalmeidaadvogados\/wp-json\/wp\/v2\/types\/post"}],"replies":[{"embeddable":true,"href":"https:\/\/aprimora.site\/carvalhoalmeidaadvogados\/wp-json\/wp\/v2\/comments?post=5226"}],"version-history":[{"count":0,"href":"https:\/\/aprimora.site\/carvalhoalmeidaadvogados\/wp-json\/wp\/v2\/posts\/5226\/revisions"}],"wp:attachment":[{"href":"https:\/\/aprimora.site\/carvalhoalmeidaadvogados\/wp-json\/wp\/v2\/media?parent=5226"}],"wp:term":[{"taxonomy":"category","embeddable":true,"href":"https:\/\/aprimora.site\/carvalhoalmeidaadvogados\/wp-json\/wp\/v2\/categories?post=5226"},{"taxonomy":"post_tag","embeddable":true,"href":"https:\/\/aprimora.site\/carvalhoalmeidaadvogados\/wp-json\/wp\/v2\/tags?post=5226"}],"curies":[{"name":"wp","href":"https:\/\/api.w.org\/{rel}","templated":true}]}}