{"id":5208,"date":"2023-11-27T23:07:00","date_gmt":"2023-11-28T02:07:00","guid":{"rendered":"https:\/\/aprimora.site\/carvalhoalmeidaadvogados\/2023\/11\/27\/espaco-cultural-sedia-lancamento-de-livro-sobre-politica-de-defesa-da-concorrencia-na-proxima-terca-feira-21\/"},"modified":"2023-11-27T23:07:00","modified_gmt":"2023-11-28T02:07:00","slug":"espaco-cultural-sedia-lancamento-de-livro-sobre-politica-de-defesa-da-concorrencia-na-proxima-terca-feira-21","status":"publish","type":"post","link":"https:\/\/aprimora.site\/carvalhoalmeidaadvogados\/2023\/11\/27\/espaco-cultural-sedia-lancamento-de-livro-sobre-politica-de-defesa-da-concorrencia-na-proxima-terca-feira-21\/","title":{"rendered":"Espa\u00e7o Cultural sedia lan\u00e7amento de livro sobre pol\u00edtica de defesa da concorr\u00eancia na pr\u00f3xima ter\u00e7a-feira (21)"},"content":{"rendered":"<p>Espa\u00e7o Cultural sedia lan\u00e7amento de livro sobre pol\u00edtica de defesa da concorr\u00eancia na pr\u00f3xima ter\u00e7a-feira (21)<\/p>","protected":false},"excerpt":{"rendered":"<p>Espa\u00e7o Cultural sedia lan\u00e7amento de livro sobre pol\u00edtica de defesa da concorr\u00eancia na pr\u00f3xima ter\u00e7a-feira (21)<\/p>\n","protected":false},"author":0,"featured_media":0,"comment_status":"open","ping_status":"open","sticky":false,"template":"","format":"standard","meta":[],"categories":[1],"tags":[],"_links":{"self":[{"href":"https:\/\/aprimora.site\/carvalhoalmeidaadvogados\/wp-json\/wp\/v2\/posts\/5208"}],"collection":[{"href":"https:\/\/aprimora.site\/carvalhoalmeidaadvogados\/wp-json\/wp\/v2\/posts"}],"about":[{"href":"https:\/\/aprimora.site\/carvalhoalmeidaadvogados\/wp-json\/wp\/v2\/types\/post"}],"replies":[{"embeddable":true,"href":"https:\/\/aprimora.site\/carvalhoalmeidaadvogados\/wp-json\/wp\/v2\/comments?post=5208"}],"version-history":[{"count":0,"href":"https:\/\/aprimora.site\/carvalhoalmeidaadvogados\/wp-json\/wp\/v2\/posts\/5208\/revisions"}],"wp:attachment":[{"href":"https:\/\/aprimora.site\/carvalhoalmeidaadvogados\/wp-json\/wp\/v2\/media?parent=5208"}],"wp:term":[{"taxonomy":"category","embeddable":true,"href":"https:\/\/aprimora.site\/carvalhoalmeidaadvogados\/wp-json\/wp\/v2\/categories?post=5208"},{"taxonomy":"post_tag","embeddable":true,"href":"https:\/\/aprimora.site\/carvalhoalmeidaadvogados\/wp-json\/wp\/v2\/tags?post=5208"}],"curies":[{"name":"wp","href":"https:\/\/api.w.org\/{rel}","templated":true}]}}