{"id":5037,"date":"2023-11-08T11:40:54","date_gmt":"2023-11-08T14:40:54","guid":{"rendered":"https:\/\/aprimora.site\/carvalhoalmeidaadvogados\/2023\/11\/08\/recolhimento-espontaneo-de-preparo-atrasado-e-insuficiente-nao-autoriza-desercao-sem-previa-intimacao-da-parte\/"},"modified":"2023-11-08T11:40:54","modified_gmt":"2023-11-08T14:40:54","slug":"recolhimento-espontaneo-de-preparo-atrasado-e-insuficiente-nao-autoriza-desercao-sem-previa-intimacao-da-parte","status":"publish","type":"post","link":"https:\/\/aprimora.site\/carvalhoalmeidaadvogados\/2023\/11\/08\/recolhimento-espontaneo-de-preparo-atrasado-e-insuficiente-nao-autoriza-desercao-sem-previa-intimacao-da-parte\/","title":{"rendered":"Recolhimento espont\u00e2neo de preparo atrasado e insuficiente n\u00e3o autoriza deser\u00e7\u00e3o sem pr\u00e9via intima\u00e7\u00e3o da parte"},"content":{"rendered":"<p>Segundo o ministro Marco Aur\u00e9lio Bellizze, o CPC assegura ao recorrente o direito de ser intimado para fazer o recolhimento em dobro ou complementar o valor, conforme o caso.<\/p>","protected":false},"excerpt":{"rendered":"<p>Segundo o ministro Marco Aur\u00e9lio Bellizze, o CPC assegura ao recorrente o direito de ser intimado para fazer o recolhimento em dobro ou complementar o valor, conforme o caso.<\/p>\n","protected":false},"author":0,"featured_media":0,"comment_status":"open","ping_status":"open","sticky":false,"template":"","format":"standard","meta":[],"categories":[1],"tags":[],"_links":{"self":[{"href":"https:\/\/aprimora.site\/carvalhoalmeidaadvogados\/wp-json\/wp\/v2\/posts\/5037"}],"collection":[{"href":"https:\/\/aprimora.site\/carvalhoalmeidaadvogados\/wp-json\/wp\/v2\/posts"}],"about":[{"href":"https:\/\/aprimora.site\/carvalhoalmeidaadvogados\/wp-json\/wp\/v2\/types\/post"}],"replies":[{"embeddable":true,"href":"https:\/\/aprimora.site\/carvalhoalmeidaadvogados\/wp-json\/wp\/v2\/comments?post=5037"}],"version-history":[{"count":0,"href":"https:\/\/aprimora.site\/carvalhoalmeidaadvogados\/wp-json\/wp\/v2\/posts\/5037\/revisions"}],"wp:attachment":[{"href":"https:\/\/aprimora.site\/carvalhoalmeidaadvogados\/wp-json\/wp\/v2\/media?parent=5037"}],"wp:term":[{"taxonomy":"category","embeddable":true,"href":"https:\/\/aprimora.site\/carvalhoalmeidaadvogados\/wp-json\/wp\/v2\/categories?post=5037"},{"taxonomy":"post_tag","embeddable":true,"href":"https:\/\/aprimora.site\/carvalhoalmeidaadvogados\/wp-json\/wp\/v2\/tags?post=5037"}],"curies":[{"name":"wp","href":"https:\/\/api.w.org\/{rel}","templated":true}]}}