{"id":5030,"date":"2023-11-08T11:40:53","date_gmt":"2023-11-08T14:40:53","guid":{"rendered":"https:\/\/aprimora.site\/carvalhoalmeidaadvogados\/2023\/11\/08\/boletim-traz-fracao-de-aumento-por-continuidade-delitiva-em-estupro-de-vulneravel\/"},"modified":"2023-11-08T11:40:53","modified_gmt":"2023-11-08T14:40:53","slug":"boletim-traz-fracao-de-aumento-por-continuidade-delitiva-em-estupro-de-vulneravel","status":"publish","type":"post","link":"https:\/\/aprimora.site\/carvalhoalmeidaadvogados\/2023\/11\/08\/boletim-traz-fracao-de-aumento-por-continuidade-delitiva-em-estupro-de-vulneravel\/","title":{"rendered":"Boletim traz fra\u00e7\u00e3o de aumento por continuidade delitiva em estupro de vulner\u00e1vel"},"content":{"rendered":"<p>Boletim traz fra\u00e7\u00e3o de aumento por continuidade delitiva em estupro de vulner\u00e1vel<\/p>","protected":false},"excerpt":{"rendered":"<p>Boletim traz fra\u00e7\u00e3o de aumento por continuidade delitiva em estupro de vulner\u00e1vel<\/p>\n","protected":false},"author":0,"featured_media":0,"comment_status":"open","ping_status":"open","sticky":false,"template":"","format":"standard","meta":[],"categories":[1],"tags":[],"_links":{"self":[{"href":"https:\/\/aprimora.site\/carvalhoalmeidaadvogados\/wp-json\/wp\/v2\/posts\/5030"}],"collection":[{"href":"https:\/\/aprimora.site\/carvalhoalmeidaadvogados\/wp-json\/wp\/v2\/posts"}],"about":[{"href":"https:\/\/aprimora.site\/carvalhoalmeidaadvogados\/wp-json\/wp\/v2\/types\/post"}],"replies":[{"embeddable":true,"href":"https:\/\/aprimora.site\/carvalhoalmeidaadvogados\/wp-json\/wp\/v2\/comments?post=5030"}],"version-history":[{"count":0,"href":"https:\/\/aprimora.site\/carvalhoalmeidaadvogados\/wp-json\/wp\/v2\/posts\/5030\/revisions"}],"wp:attachment":[{"href":"https:\/\/aprimora.site\/carvalhoalmeidaadvogados\/wp-json\/wp\/v2\/media?parent=5030"}],"wp:term":[{"taxonomy":"category","embeddable":true,"href":"https:\/\/aprimora.site\/carvalhoalmeidaadvogados\/wp-json\/wp\/v2\/categories?post=5030"},{"taxonomy":"post_tag","embeddable":true,"href":"https:\/\/aprimora.site\/carvalhoalmeidaadvogados\/wp-json\/wp\/v2\/tags?post=5030"}],"curies":[{"name":"wp","href":"https:\/\/api.w.org\/{rel}","templated":true}]}}