{"id":4991,"date":"2023-11-01T05:56:41","date_gmt":"2023-11-01T08:56:41","guid":{"rendered":"https:\/\/aprimora.site\/carvalhoalmeidaadvogados\/2023\/11\/01\/serie-de-videos-stj-constituicao-e-justica-aborda-criacao-e-competencias-do-tribunal-da-cidadania\/"},"modified":"2023-11-01T05:56:41","modified_gmt":"2023-11-01T08:56:41","slug":"serie-de-videos-stj-constituicao-e-justica-aborda-criacao-e-competencias-do-tribunal-da-cidadania","status":"publish","type":"post","link":"https:\/\/aprimora.site\/carvalhoalmeidaadvogados\/2023\/11\/01\/serie-de-videos-stj-constituicao-e-justica-aborda-criacao-e-competencias-do-tribunal-da-cidadania\/","title":{"rendered":"S\u00e9rie de v\u00eddeos STJ, Constitui\u00e7\u00e3o e Justi\u00e7a aborda cria\u00e7\u00e3o e compet\u00eancias do Tribunal da Cidadania"},"content":{"rendered":"<p>S\u00e9rie de v\u00eddeos STJ, Constitui\u00e7\u00e3o e Justi\u00e7a aborda cria\u00e7\u00e3o e compet\u00eancias do Tribunal da Cidadania<\/p>","protected":false},"excerpt":{"rendered":"<p>S\u00e9rie de v\u00eddeos STJ, Constitui\u00e7\u00e3o e Justi\u00e7a aborda cria\u00e7\u00e3o e compet\u00eancias do Tribunal da Cidadania<\/p>\n","protected":false},"author":0,"featured_media":0,"comment_status":"open","ping_status":"open","sticky":false,"template":"","format":"standard","meta":[],"categories":[1],"tags":[],"_links":{"self":[{"href":"https:\/\/aprimora.site\/carvalhoalmeidaadvogados\/wp-json\/wp\/v2\/posts\/4991"}],"collection":[{"href":"https:\/\/aprimora.site\/carvalhoalmeidaadvogados\/wp-json\/wp\/v2\/posts"}],"about":[{"href":"https:\/\/aprimora.site\/carvalhoalmeidaadvogados\/wp-json\/wp\/v2\/types\/post"}],"replies":[{"embeddable":true,"href":"https:\/\/aprimora.site\/carvalhoalmeidaadvogados\/wp-json\/wp\/v2\/comments?post=4991"}],"version-history":[{"count":0,"href":"https:\/\/aprimora.site\/carvalhoalmeidaadvogados\/wp-json\/wp\/v2\/posts\/4991\/revisions"}],"wp:attachment":[{"href":"https:\/\/aprimora.site\/carvalhoalmeidaadvogados\/wp-json\/wp\/v2\/media?parent=4991"}],"wp:term":[{"taxonomy":"category","embeddable":true,"href":"https:\/\/aprimora.site\/carvalhoalmeidaadvogados\/wp-json\/wp\/v2\/categories?post=4991"},{"taxonomy":"post_tag","embeddable":true,"href":"https:\/\/aprimora.site\/carvalhoalmeidaadvogados\/wp-json\/wp\/v2\/tags?post=4991"}],"curies":[{"name":"wp","href":"https:\/\/api.w.org\/{rel}","templated":true}]}}