{"id":4986,"date":"2023-11-01T05:56:40","date_gmt":"2023-11-01T08:56:40","guid":{"rendered":"https:\/\/aprimora.site\/carvalhoalmeidaadvogados\/2023\/11\/01\/governo-regulamenta-mudanca-no-credito-consignado-dos-servidores\/"},"modified":"2023-11-01T05:56:40","modified_gmt":"2023-11-01T08:56:40","slug":"governo-regulamenta-mudanca-no-credito-consignado-dos-servidores","status":"publish","type":"post","link":"https:\/\/aprimora.site\/carvalhoalmeidaadvogados\/2023\/11\/01\/governo-regulamenta-mudanca-no-credito-consignado-dos-servidores\/","title":{"rendered":"Governo regulamenta mudan\u00e7a no cr\u00e9dito consignado dos servidores"},"content":{"rendered":"<div>\n<p>O <a href=\"https:\/\/www.jota.info\/executivo\/haddad-anuncia-dois-nomes-para-diretorias-do-banco-central-saiba-quem-sao-30102023\">governo federal<\/a> publicou nesta ter\u00e7a-feira (31\/10) o Decreto 11.761\/2023, que regulamenta as regras de consigna\u00e7\u00e3o na folha de pagamento dos <a href=\"https:\/\/www.jota.info\/tudo-sobre\/servidores-publicos\">servidores p\u00fablicos federais<\/a>. O decreto abre caminho para que a <a href=\"https:\/\/www.jota.info\/legislativo\/servidores-se-mobilizam-para-mudar-regra-do-consignado-09102023\">margem consignada<\/a> dos servidores alcance 45%.<\/p>\n<p>Conforme noticiado na newsletter <a href=\"https:\/\/conteudo.jota.info\/marketing-lp-newsletter-por-dentro-da-maquina\">Por Dentro da M\u00e1quina<\/a>, do <span class=\"jota\">JOTA<\/span>, a regulamenta\u00e7\u00e3o \u00e9 aguardada com apreens\u00e3o por segmentos do funcionalismo, que pedem a amplia\u00e7\u00e3o da margem consign\u00e1vel de 40% para 45%. O novo limite passa a vigorar dentro de 30 dias.<\/p>\n<h3><a href=\"https:\/\/conteudo.jota.info\/marketing-lp-newsletter-por-dentro-da-maquina\">Assine a newsletter focada no servi\u00e7o p\u00fablico Por Dentro da M\u00e1quina. Clique aqui para se inscrever gratuitamente e receber as pr\u00f3ximas edi\u00e7\u00f5es<\/a><\/h3>\n<p>Com a regulamenta\u00e7\u00e3o, o total de consigna\u00e7\u00e3o n\u00e3o pode exceder 45% da remunera\u00e7\u00e3o mensal. A margem para empr\u00e9stimos fica em 35%. Dos 10% restantes, 5% ser\u00e3o destinados a amortizar d\u00edvidas contra\u00eddas com cart\u00e3o de cr\u00e9dito e 5% devem ser usados para pagar despesas com cart\u00e3o de benef\u00edcios.<\/p>\n<p>Nos pr\u00f3ximos dias, o Minist\u00e9rio da Fazenda publicar\u00e1 portaria para estipular os juros m\u00e1ximos que ser\u00e3o cobrados nas opera\u00e7\u00f5es com cart\u00e3o de benef\u00edcios. J\u00e1 o Minist\u00e9rio da Gest\u00e3o e da Inova\u00e7\u00e3o publicar\u00e1 portaria definindo os servi\u00e7os que as empresas devem oferecer por meio deste cart\u00e3o.<\/p>\n<p>O diretor de Finan\u00e7as da Confedera\u00e7\u00e3o Nacional dos Trabalhadores em Seguridade Social, Sandro Cezar, que tem mediado a situa\u00e7\u00e3o dos servidores superendividados, afirma que os dois pontos em aberto \u2013 juros e detalhamento do uso do cart\u00e3o de benef\u00edcios \u2013 ser\u00e3o fundamentais para compreender os efeitos da regulamenta\u00e7\u00e3o.<\/p>\n<p>\u201cPrecisamos conhecer melhor como ser\u00e1 o uso desse cart\u00e3o de benef\u00edcios. H\u00e1 uma grande d\u00favida sobre como o servidor poder\u00e1 utilizar esse mecanismo. Em rela\u00e7\u00e3o aos juros, considerando a queda da Selic e o fato de o cr\u00e9dito ser consignado em folha, precisamos de juros baixos. O que tenho ouvido do governo \u00e9 que os juros ficar\u00e3o acima daquilo que a gente considera vi\u00e1vel para pessoas que j\u00e1 est\u00e3o superendividadas\u201d, explica o dirigente sindical.<\/p>\n<p>J\u00e1 no Congresso, os\u00a0servidores p\u00fablicos\u00a0federais tentam, sem sucesso, alterar regras para uso do cart\u00e3o de benef\u00edcios. O texto em discuss\u00e3o\u00a0(PL 2591\/2023), de autoria da deputada <a href=\"https:\/\/www.jota.info\/tudo-sobre\/maria-do-rosario\">Maria do Ros\u00e1rio<\/a> (PT-RS), que torna facultativa a reserva de cinco pontos percentuais para essa modalidade, est\u00e1 parado na Comiss\u00e3o de Administra\u00e7\u00e3o e Servi\u00e7os P\u00fablicos.<\/p>\n<\/div>","protected":false},"excerpt":{"rendered":"<p>O governo federal publicou nesta ter\u00e7a-feira (31\/10) o Decreto 11.761\/2023, que regulamenta as regras de consigna\u00e7\u00e3o na folha de pagamento dos servidores p\u00fablicos federais. O decreto abre caminho para que a margem consignada dos servidores alcance 45%. Conforme noticiado na newsletter Por Dentro da M\u00e1quina, do JOTA, a regulamenta\u00e7\u00e3o \u00e9 aguardada com apreens\u00e3o por segmentos [&hellip;]<\/p>\n","protected":false},"author":0,"featured_media":0,"comment_status":"open","ping_status":"open","sticky":false,"template":"","format":"standard","meta":[],"categories":[1],"tags":[],"_links":{"self":[{"href":"https:\/\/aprimora.site\/carvalhoalmeidaadvogados\/wp-json\/wp\/v2\/posts\/4986"}],"collection":[{"href":"https:\/\/aprimora.site\/carvalhoalmeidaadvogados\/wp-json\/wp\/v2\/posts"}],"about":[{"href":"https:\/\/aprimora.site\/carvalhoalmeidaadvogados\/wp-json\/wp\/v2\/types\/post"}],"replies":[{"embeddable":true,"href":"https:\/\/aprimora.site\/carvalhoalmeidaadvogados\/wp-json\/wp\/v2\/comments?post=4986"}],"version-history":[{"count":0,"href":"https:\/\/aprimora.site\/carvalhoalmeidaadvogados\/wp-json\/wp\/v2\/posts\/4986\/revisions"}],"wp:attachment":[{"href":"https:\/\/aprimora.site\/carvalhoalmeidaadvogados\/wp-json\/wp\/v2\/media?parent=4986"}],"wp:term":[{"taxonomy":"category","embeddable":true,"href":"https:\/\/aprimora.site\/carvalhoalmeidaadvogados\/wp-json\/wp\/v2\/categories?post=4986"},{"taxonomy":"post_tag","embeddable":true,"href":"https:\/\/aprimora.site\/carvalhoalmeidaadvogados\/wp-json\/wp\/v2\/tags?post=4986"}],"curies":[{"name":"wp","href":"https:\/\/api.w.org\/{rel}","templated":true}]}}