{"id":4964,"date":"2023-10-26T20:14:12","date_gmt":"2023-10-26T23:14:12","guid":{"rendered":"https:\/\/aprimora.site\/carvalhoalmeidaadvogados\/2023\/10\/26\/em-dose-dupla-marcos-porto-e-rita-scagliusi-sao-empossados-como-desembargadores-do-trt-15\/"},"modified":"2023-10-26T20:14:12","modified_gmt":"2023-10-26T23:14:12","slug":"em-dose-dupla-marcos-porto-e-rita-scagliusi-sao-empossados-como-desembargadores-do-trt-15","status":"publish","type":"post","link":"https:\/\/aprimora.site\/carvalhoalmeidaadvogados\/2023\/10\/26\/em-dose-dupla-marcos-porto-e-rita-scagliusi-sao-empossados-como-desembargadores-do-trt-15\/","title":{"rendered":"Em dose dupla: Marcos Porto e Rita Scagliusi s\u00e3o empossados como desembargadores do TRT-15 \u00a0"},"content":{"rendered":"<p><span>Em dose dupla: Marcos Porto e Rita Scagliusi s\u00e3o empossados como desembargadores do TRT-15 \u00a0<\/span><\/p>\n<div>  <a href=\"https:\/\/trt15.jus.br\/noticia\/2023\/em-dose-dupla-marcos-porto-e-rita-scagliusi-sao-empossados-como-desembargadores-do-trt\"><\/a>\n<\/div>\n<p>      <span><span>edersantana<\/span><\/span><br \/>\n<span>Qui, 26\/10\/2023 &#8211; 17:14<\/span><\/p>\n<div>\n<div>Em dose dupla: Marcos Porto e Rita Scagliusi s\u00e3o empossados como desembargadores do TRT-15 \u00a0<\/div>\n<\/div>\n<div>\n<div class=\"visually-hidden\">Conte\u00fado da Not\u00edcia<\/div>\n<div>\n<p class=\"text-align-justify\">Tomaram posse nesta quinta-feira, 26\/10, os novos desembargadores do Tribunal Regional do Trabalho da 15\u00aa Regi\u00e3o Marcos da Silva Porto e Rita de C\u00e1ssia Scagliusi do Carmo. Os dois novos integrantes da Corte foram promovidos, respectivamente, pelos crit\u00e9rios de merecimento e antiguidade, e devem ocupar a vaga decorrente da aposentadoria dos desembargadores Fernando da Silva Borges e Francisco Alberto da Motta Peixoto Giordani. A nomea\u00e7\u00e3o de ambos os magistrados, assinada pelo presidente da Rep\u00fablica Luiz In\u00e1cio Lula da Silva na quarta-feira, 25\/10, foi publicada nesta quinta-feira no Di\u00e1rio Oficial da Uni\u00e3o.<\/p>\n<p class=\"text-align-justify\"><em>#ParaTodosVerem: presidente do TRT-15 entre os dois novos desembargadores. Os tr\u00eas sorrindo. Ao fundo, as bandeiras do Brasil, de S\u00e3o Paulo e do TRT-15.<\/em><\/p>\n<p class=\"text-align-justify\"><em><\/em><\/p>\n<p class=\"text-align-justify\"><em>#ParaTodosVerem:\u00a0 presidente do TRT-15 no p\u00falpito, com o microfone na m\u00e3o direita, discursando, ladeado por dois desembargadores.<\/em><\/p>\n<p class=\"text-align-justify\">A cerim\u00f4nia de posse, conduzida pelo presidente da Corte, desembargador Samuel Hugo Lima, reuniu no Gabinete da Presid\u00eancia 22 desembargadores, ju\u00edzes, servidores e demais convidados. Entre as autoridades, o presidente da Associa\u00e7\u00e3o dos Magistrados da Justi\u00e7a do Trabalho (Amatra XV), juiz S\u00e9rgio Polastro Ribeiro, e Guilherme Jos\u00e9 Theodoro de Carvalho, representando o presidente da Comiss\u00e3o Especial de Relacionamento da Se\u00e7\u00e3o de S\u00e3o Paulo da Ordem dos Advogados do Brasil com o TRT-15, Ricardo Ortiz de Camargo. Prestigiou tamb\u00e9m o evento a desembargadora aposentada da 15\u00aa Maria In\u00eas Corr\u00eaa de Cerqueira C\u00e9sar Targa.<\/p>\n<p class=\"text-align-justify\">O desembargador Marcos Porto, em seu discurso, destacou a imensa alegria vivida com esse \u201cciclo que se completa ap\u00f3s um longo per\u00edodo\u201d e ressaltou a felicidade de compartilhar com a colega do 4\u00ba concurso esse momento de posse. O magistrado tamb\u00e9m afirmou sua convic\u00e7\u00e3o de que \u201ctudo acontece no tempo de Deus\u201d.<\/p>\n<p class=\"text-align-justify\"><em>#ParaTodosVerem: desembargador Marcos Porto assinando o termo de posse.<\/em><\/p>\n<p>A desembargadora Rita Scagliusi, emocionada e feliz, lembrando as palavras de Chico Buarque (em Valsa Brasileira), disse que nesses \u00faltimos dias \u201ccontava as horas para tr\u00e1s\u201d, explicando assim sua alegria em meio \u00e0 ansiedade vivida pela posse que se aproximava, prevista para acontecer no pr\u00f3ximo dia 16 de novembro. A surpresa, segundo a magistrada, n\u00e3o a impediu de viver esse \u201cper\u00edodo feliz\u201d, devido especialmente ao acolhimento dos colegas da Corte. Ao agradecer a todos que renderam sua homenagem aos empossados, a desembargadora Rita Scagliusi dedicou a alegria de sua posse aos pais (in memoriam) e \u00e0 irm\u00e3 Luciana Scagliusi, presente na cerim\u00f4nia.<\/p>\n<p class=\"text-align-justify\">\n<\/p><p class=\"text-align-justify\"><em>#ParaTodosVerem: desembargadora\u00a0Rita Scagliusi assinando o termo de posse<\/em><\/p>\n<p class=\"text-align-justify\">O presidente Samuel Hugo Lima, ao cumprimentar os empossados, destacou sua alegria de receber mais dois integrantes para compor a \u201cfam\u00edlia da 15\u00aa\u201d, que reflete o \u201ctribunal unido, cuja for\u00e7a est\u00e1 nas diferen\u00e7as de cada um de seus membros\u201d. O presidente tamb\u00e9m reafirmou sua inten\u00e7\u00e3o de realizar uma cerim\u00f4nia festiva, sempre no Plen\u00e1rio do tribunal, aos novos desembargadores que tomarem posse, marcando assim o reconhecimento da 15\u00aa pelos muitos anos dedicados \u00e0 magistratura, com todos os seus desafios e alegrias.<\/p>\n<p class=\"text-align-justify\">\n<\/p><p class=\"text-align-justify\"><em>#ParaTodosVerem: p\u00fablico em uma sala de tamanho m\u00e9dio, cerca de 40 pessoas, a maioria de p\u00e9, algumas sentadas, acompanhando a cerim\u00f4nia de posse.<\/em><\/p>\n<p class=\"text-align-justify\">\u00a0<\/p>\n<p class=\"text-align-justify\">\u00a0<\/p>\n<p class=\"text-align-justify\">\u00a0<\/p>\n<\/div><\/div>\n<div>\n<div>Unidade Respons\u00e1vel:<\/div>\n<div>Comunica\u00e7\u00e3o Social<\/div>\n<\/div>\n<div>Qui, 26\/10\/2023 &#8211; 17:14<\/div>\n<p>      <span class=\"a2a_kit a2a_kit_size_16 addtoany_list\"><a class=\"a2a_dd addtoany_share\" href=\"https:\/\/www.addtoany.com\/share#url=https%3A%2F%2Ftrt15.jus.br%2Fnoticia%2F2023%2Fem-dose-dupla-marcos-porto-e-rita-scagliusi-sao-empossados-como-desembargadores-do-trt&amp;title=Em%20dose%20dupla%3A%20Marcos%20Porto%20e%20Rita%20Scagliusi%20s%C3%A3o%20empossados%20como%20desembargadores%20do%20TRT-15%20%C2%A0\"><\/a><a class=\"a2a_button_whatsapp\"><\/a><a class=\"a2a_button_google_gmail\"><\/a><a class=\"a2a_button_twitter\"><\/a><a class=\"a2a_button_facebook\"><\/a><a class=\"a2a_button_linkedin\"><\/a><\/span><\/p>","protected":false},"excerpt":{"rendered":"<p>Em dose dupla: Marcos Porto e Rita Scagliusi s\u00e3o empossados como desembargadores do TRT-15 \u00a0 edersantana Qui, 26\/10\/2023 &#8211; 17:14 Em dose dupla: Marcos Porto e Rita Scagliusi s\u00e3o empossados como desembargadores do TRT-15 \u00a0 Conte\u00fado da Not\u00edcia Tomaram posse nesta quinta-feira, 26\/10, os novos desembargadores do Tribunal Regional do Trabalho da 15\u00aa Regi\u00e3o Marcos [&hellip;]<\/p>\n","protected":false},"author":0,"featured_media":4965,"comment_status":"open","ping_status":"open","sticky":false,"template":"","format":"standard","meta":[],"categories":[1],"tags":[],"_links":{"self":[{"href":"https:\/\/aprimora.site\/carvalhoalmeidaadvogados\/wp-json\/wp\/v2\/posts\/4964"}],"collection":[{"href":"https:\/\/aprimora.site\/carvalhoalmeidaadvogados\/wp-json\/wp\/v2\/posts"}],"about":[{"href":"https:\/\/aprimora.site\/carvalhoalmeidaadvogados\/wp-json\/wp\/v2\/types\/post"}],"replies":[{"embeddable":true,"href":"https:\/\/aprimora.site\/carvalhoalmeidaadvogados\/wp-json\/wp\/v2\/comments?post=4964"}],"version-history":[{"count":0,"href":"https:\/\/aprimora.site\/carvalhoalmeidaadvogados\/wp-json\/wp\/v2\/posts\/4964\/revisions"}],"wp:featuredmedia":[{"embeddable":true,"href":"https:\/\/aprimora.site\/carvalhoalmeidaadvogados\/wp-json\/wp\/v2\/media\/4965"}],"wp:attachment":[{"href":"https:\/\/aprimora.site\/carvalhoalmeidaadvogados\/wp-json\/wp\/v2\/media?parent=4964"}],"wp:term":[{"taxonomy":"category","embeddable":true,"href":"https:\/\/aprimora.site\/carvalhoalmeidaadvogados\/wp-json\/wp\/v2\/categories?post=4964"},{"taxonomy":"post_tag","embeddable":true,"href":"https:\/\/aprimora.site\/carvalhoalmeidaadvogados\/wp-json\/wp\/v2\/tags?post=4964"}],"curies":[{"name":"wp","href":"https:\/\/api.w.org\/{rel}","templated":true}]}}