{"id":4774,"date":"2023-09-26T20:21:52","date_gmt":"2023-09-26T23:21:52","guid":{"rendered":"https:\/\/aprimora.site\/carvalhoalmeidaadvogados\/2023\/09\/26\/trt-15-lanca-cartilha-de-acessibilidade\/"},"modified":"2023-09-26T20:21:52","modified_gmt":"2023-09-26T23:21:52","slug":"trt-15-lanca-cartilha-de-acessibilidade","status":"publish","type":"post","link":"https:\/\/aprimora.site\/carvalhoalmeidaadvogados\/2023\/09\/26\/trt-15-lanca-cartilha-de-acessibilidade\/","title":{"rendered":"TRT-15 lan\u00e7a Cartilha de Acessibilidade"},"content":{"rendered":"<p><span>TRT-15 lan\u00e7a Cartilha de Acessibilidade<\/span><\/p>\n<div>  <a href=\"https:\/\/trt15.jus.br\/noticia\/2023\/trt-15-lanca-cartilha-de-acessibilidade\"><\/a>\n<\/div>\n<p>      <span><span>anasiqueira<\/span><\/span><br \/>\n<span>Ter, 26\/09\/2023 &#8211; 17:21<\/span><\/p>\n<div>\n<div>TRT-15 lan\u00e7a Cartilha de Acessibilidade<\/div>\n<\/div>\n<div>\n<div class=\"visually-hidden\">Conte\u00fado da Not\u00edcia<\/div>\n<div>\n<p>O Tribunal Regional do Trabalho da 15\u00aa Regi\u00e3o, por meio da Coordenadoria de Sustentabilidade, Acessibilidade e Integridade, vinculada \u00e0 Assessoria de Gest\u00e3o Estrat\u00e9gica, lan\u00e7ou na sexta-feira, 22\/9, a &#8220;<a href=\"https:\/\/trt15.jus.br\/sites\/portal\/files\/roles\/noticias\/2023\/09\/Cartilha%20de%20Acessibilidade%20do%20TRT-15%20(1).pdf\">Cartilha de Acessibilidade &#8211; Construindo um Ambiente Inclusivo<\/a>&#8220;. O lan\u00e7amento ocorreu durante a palestra on-line \u201cDiversidade e lutas: a experi\u00eancia das pessoas com defici\u00eancia\u201d, do Programa Escola ao Vivo, promovido pela Escola Judicial da Corte e o Comit\u00ea Gestor de Equidade de G\u00eanero, Etnia e Diversidade e de Tratamento em rela\u00e7\u00e3o \u00e0 Pessoa com Defici\u00eancia.<\/p>\n<p>A iniciativa est\u00e1 em conformidade com a Resolu\u00e7\u00e3o CNJ n\u00ba 401\/2021. \u201cA cartilha fornece diretrizes pr\u00e1ticas para garantir que nossos espa\u00e7os, nossos processos e nossa comunica\u00e7\u00e3o sejam acess\u00edveis a todas e a todos. Este \u00e9 um compromisso tang\u00edvel para eliminar as barreiras que as pessoas com defici\u00eancia enfrentam em nosso tribunal. Precisamos agir em conformidade com esses princ\u00edpios e garantir que a inclus\u00e3o seja uma realidade em nosso dia a dia. Isso significa promover a conscientiza\u00e7\u00e3o sobre a diversidade e a import\u00e2ncia da acessibilidade em todos os n\u00edveis da nossa institui\u00e7\u00e3o\u201d, salienta o presidente do TRT-15, desembargador Samuel Hugo Lima.<\/p>\n<p>A cartilha aborda a conceitua\u00e7\u00e3o de acessibilidade e sua import\u00e2ncia para a sociedade, traz orienta\u00e7\u00f5es sobre terminologias adequadas para se referir \u00e0s pessoas com defici\u00eancia, os<br \/>\ndiversos tipos de barreiras enfrentados pelas pessoas com defici\u00eancia, a legisla\u00e7\u00e3o pertinente que rege a acessibilidade e um calend\u00e1rio inclusivo, com as principais datas relacionadas ao tema.<\/p>\n<p>A iniciativa est\u00e1 alinhada aos Objetivos de Desenvolvimento Sustent\u00e1vel (ODS) da Agenda 2030 das Na\u00e7\u00f5es Unidas. \u201cA promo\u00e7\u00e3o da acessibilidade e inclus\u00e3o est\u00e1 intrinsecamente ligada aos princ\u00edpios da Agenda 2030, e nosso Tribunal est\u00e1 comprometido em contribuir para a realiza\u00e7\u00e3o desses objetivos\u201d, ressalta a assessora de Gest\u00e3o Estrat\u00e9gica, Iara Cristina Gomes.<\/p>\n<p>A &#8220;Cartilha de Acessibilidade &#8211; Construindo um Ambiente Inclusivo&#8221; est\u00e1 dispon\u00edvel na <a href=\"https:\/\/trt15.jus.br\/institucional\/sustentabilidade-acessibilidade-e-integridade\/cartilha-de-acessibilidade\">p\u00e1gina de Acessibilidade do TRT-15<\/a>.<\/p>\n<\/div><\/div>\n<div>\n<div>Unidade Respons\u00e1vel:<\/div>\n<div>Comunica\u00e7\u00e3o Social<\/div>\n<\/div>\n<div>Ter, 26\/09\/2023 &#8211; 17:21<\/div>\n<p>      <span class=\"a2a_kit a2a_kit_size_16 addtoany_list\"><a class=\"a2a_dd addtoany_share\" href=\"https:\/\/www.addtoany.com\/share#url=https%3A%2F%2Ftrt15.jus.br%2Fnoticia%2F2023%2Ftrt-15-lanca-cartilha-de-acessibilidade&amp;title=TRT-15%20lan%C3%A7a%20Cartilha%20de%20Acessibilidade\"><\/a><a class=\"a2a_button_whatsapp\"><\/a><a class=\"a2a_button_google_gmail\"><\/a><a class=\"a2a_button_twitter\"><\/a><a class=\"a2a_button_facebook\"><\/a><a class=\"a2a_button_linkedin\"><\/a><\/span><\/p>","protected":false},"excerpt":{"rendered":"<p>TRT-15 lan\u00e7a Cartilha de Acessibilidade anasiqueira Ter, 26\/09\/2023 &#8211; 17:21 TRT-15 lan\u00e7a Cartilha de Acessibilidade Conte\u00fado da Not\u00edcia O Tribunal Regional do Trabalho da 15\u00aa Regi\u00e3o, por meio da Coordenadoria de Sustentabilidade, Acessibilidade e Integridade, vinculada \u00e0 Assessoria de Gest\u00e3o Estrat\u00e9gica, lan\u00e7ou na sexta-feira, 22\/9, a &#8220;Cartilha de Acessibilidade &#8211; Construindo um Ambiente Inclusivo&#8220;. O [&hellip;]<\/p>\n","protected":false},"author":0,"featured_media":4775,"comment_status":"open","ping_status":"open","sticky":false,"template":"","format":"standard","meta":[],"categories":[1],"tags":[],"_links":{"self":[{"href":"https:\/\/aprimora.site\/carvalhoalmeidaadvogados\/wp-json\/wp\/v2\/posts\/4774"}],"collection":[{"href":"https:\/\/aprimora.site\/carvalhoalmeidaadvogados\/wp-json\/wp\/v2\/posts"}],"about":[{"href":"https:\/\/aprimora.site\/carvalhoalmeidaadvogados\/wp-json\/wp\/v2\/types\/post"}],"replies":[{"embeddable":true,"href":"https:\/\/aprimora.site\/carvalhoalmeidaadvogados\/wp-json\/wp\/v2\/comments?post=4774"}],"version-history":[{"count":0,"href":"https:\/\/aprimora.site\/carvalhoalmeidaadvogados\/wp-json\/wp\/v2\/posts\/4774\/revisions"}],"wp:featuredmedia":[{"embeddable":true,"href":"https:\/\/aprimora.site\/carvalhoalmeidaadvogados\/wp-json\/wp\/v2\/media\/4775"}],"wp:attachment":[{"href":"https:\/\/aprimora.site\/carvalhoalmeidaadvogados\/wp-json\/wp\/v2\/media?parent=4774"}],"wp:term":[{"taxonomy":"category","embeddable":true,"href":"https:\/\/aprimora.site\/carvalhoalmeidaadvogados\/wp-json\/wp\/v2\/categories?post=4774"},{"taxonomy":"post_tag","embeddable":true,"href":"https:\/\/aprimora.site\/carvalhoalmeidaadvogados\/wp-json\/wp\/v2\/tags?post=4774"}],"curies":[{"name":"wp","href":"https:\/\/api.w.org\/{rel}","templated":true}]}}