{"id":4679,"date":"2023-09-19T16:46:44","date_gmt":"2023-09-19T19:46:44","guid":{"rendered":"https:\/\/aprimora.site\/carvalhoalmeidaadvogados\/2023\/09\/19\/olx-nao-tem-responsabilidade-por-anuncio-de-carro-clonado-que-foi-vendido-fora-da-plataforma\/"},"modified":"2023-09-19T16:46:44","modified_gmt":"2023-09-19T19:46:44","slug":"olx-nao-tem-responsabilidade-por-anuncio-de-carro-clonado-que-foi-vendido-fora-da-plataforma","status":"publish","type":"post","link":"https:\/\/aprimora.site\/carvalhoalmeidaadvogados\/2023\/09\/19\/olx-nao-tem-responsabilidade-por-anuncio-de-carro-clonado-que-foi-vendido-fora-da-plataforma\/","title":{"rendered":"OLX n\u00e3o tem responsabilidade por an\u00fancio de carro clonado que foi vendido fora da plataforma"},"content":{"rendered":"<p>Segundo a ministra Nancy Andrighi, o site de classificados n\u00e3o \u00e9 respons\u00e1vel por fiscalizar a origem dos produtos, mas deve manter condi\u00e7\u00f5es que permitam identificar seus anunciantes.<\/p>","protected":false},"excerpt":{"rendered":"<p>Segundo a ministra Nancy Andrighi, o site de classificados n\u00e3o \u00e9 respons\u00e1vel por fiscalizar a origem dos produtos, mas deve manter condi\u00e7\u00f5es que permitam identificar seus anunciantes.<\/p>\n","protected":false},"author":0,"featured_media":0,"comment_status":"open","ping_status":"open","sticky":false,"template":"","format":"standard","meta":[],"categories":[1],"tags":[],"_links":{"self":[{"href":"https:\/\/aprimora.site\/carvalhoalmeidaadvogados\/wp-json\/wp\/v2\/posts\/4679"}],"collection":[{"href":"https:\/\/aprimora.site\/carvalhoalmeidaadvogados\/wp-json\/wp\/v2\/posts"}],"about":[{"href":"https:\/\/aprimora.site\/carvalhoalmeidaadvogados\/wp-json\/wp\/v2\/types\/post"}],"replies":[{"embeddable":true,"href":"https:\/\/aprimora.site\/carvalhoalmeidaadvogados\/wp-json\/wp\/v2\/comments?post=4679"}],"version-history":[{"count":0,"href":"https:\/\/aprimora.site\/carvalhoalmeidaadvogados\/wp-json\/wp\/v2\/posts\/4679\/revisions"}],"wp:attachment":[{"href":"https:\/\/aprimora.site\/carvalhoalmeidaadvogados\/wp-json\/wp\/v2\/media?parent=4679"}],"wp:term":[{"taxonomy":"category","embeddable":true,"href":"https:\/\/aprimora.site\/carvalhoalmeidaadvogados\/wp-json\/wp\/v2\/categories?post=4679"},{"taxonomy":"post_tag","embeddable":true,"href":"https:\/\/aprimora.site\/carvalhoalmeidaadvogados\/wp-json\/wp\/v2\/tags?post=4679"}],"curies":[{"name":"wp","href":"https:\/\/api.w.org\/{rel}","templated":true}]}}