{"id":4570,"date":"2023-09-05T18:28:46","date_gmt":"2023-09-05T21:28:46","guid":{"rendered":"https:\/\/aprimora.site\/carvalhoalmeidaadvogados\/2023\/09\/05\/stj-define-candidatos-para-vagas-de-ministro-listas-serao-enviadas-ao-presidente-da-republica\/"},"modified":"2023-09-05T18:28:46","modified_gmt":"2023-09-05T21:28:46","slug":"stj-define-candidatos-para-vagas-de-ministro-listas-serao-enviadas-ao-presidente-da-republica","status":"publish","type":"post","link":"https:\/\/aprimora.site\/carvalhoalmeidaadvogados\/2023\/09\/05\/stj-define-candidatos-para-vagas-de-ministro-listas-serao-enviadas-ao-presidente-da-republica\/","title":{"rendered":"STJ define candidatos para vagas de ministro; listas ser\u00e3o enviadas ao presidente da Rep\u00fablica"},"content":{"rendered":"<p>As duas listas com os nomes de candidatos \u00e0s tr\u00eas vagas de ministro do Superior Tribunal de Justi\u00e7a foram formadas em sess\u00e3o do Pleno na manh\u00e3 desta quarta-feira (23). | Foto: Gustavo Lima\/STJ<\/p>","protected":false},"excerpt":{"rendered":"<p>As duas listas com os nomes de candidatos \u00e0s tr\u00eas vagas de ministro do Superior Tribunal de Justi\u00e7a foram formadas em sess\u00e3o do Pleno na manh\u00e3 desta quarta-feira (23). | Foto: Gustavo Lima\/STJ<\/p>\n","protected":false},"author":0,"featured_media":0,"comment_status":"open","ping_status":"open","sticky":false,"template":"","format":"standard","meta":[],"categories":[1],"tags":[],"_links":{"self":[{"href":"https:\/\/aprimora.site\/carvalhoalmeidaadvogados\/wp-json\/wp\/v2\/posts\/4570"}],"collection":[{"href":"https:\/\/aprimora.site\/carvalhoalmeidaadvogados\/wp-json\/wp\/v2\/posts"}],"about":[{"href":"https:\/\/aprimora.site\/carvalhoalmeidaadvogados\/wp-json\/wp\/v2\/types\/post"}],"replies":[{"embeddable":true,"href":"https:\/\/aprimora.site\/carvalhoalmeidaadvogados\/wp-json\/wp\/v2\/comments?post=4570"}],"version-history":[{"count":0,"href":"https:\/\/aprimora.site\/carvalhoalmeidaadvogados\/wp-json\/wp\/v2\/posts\/4570\/revisions"}],"wp:attachment":[{"href":"https:\/\/aprimora.site\/carvalhoalmeidaadvogados\/wp-json\/wp\/v2\/media?parent=4570"}],"wp:term":[{"taxonomy":"category","embeddable":true,"href":"https:\/\/aprimora.site\/carvalhoalmeidaadvogados\/wp-json\/wp\/v2\/categories?post=4570"},{"taxonomy":"post_tag","embeddable":true,"href":"https:\/\/aprimora.site\/carvalhoalmeidaadvogados\/wp-json\/wp\/v2\/tags?post=4570"}],"curies":[{"name":"wp","href":"https:\/\/api.w.org\/{rel}","templated":true}]}}