{"id":4477,"date":"2023-08-22T19:03:23","date_gmt":"2023-08-22T22:03:23","guid":{"rendered":"https:\/\/aprimora.site\/carvalhoalmeidaadvogados\/2023\/08\/22\/presidencia-do-trt-15-recebe-representantes-do-aeroporto-de-viracopos\/"},"modified":"2023-08-22T19:03:23","modified_gmt":"2023-08-22T22:03:23","slug":"presidencia-do-trt-15-recebe-representantes-do-aeroporto-de-viracopos","status":"publish","type":"post","link":"https:\/\/aprimora.site\/carvalhoalmeidaadvogados\/2023\/08\/22\/presidencia-do-trt-15-recebe-representantes-do-aeroporto-de-viracopos\/","title":{"rendered":"Presid\u00eancia do TRT-15 \u00a0recebe representantes do aeroporto de Viracopos"},"content":{"rendered":"<p><span>Presid\u00eancia do TRT-15 \u00a0recebe representantes do aeroporto de Viracopos<\/span><\/p>\n<div>  <a href=\"https:\/\/trt15.jus.br\/noticia\/2023\/presidencia-do-trt-15-recebe-representantes-do-aeroporto-de-viracopos\"><\/a>\n<\/div>\n<p>      <span><span>edersantana<\/span><\/span><br \/>\n<span>Ter, 22\/08\/2023 &#8211; 16:03<\/span><\/p>\n<div>\n<div>Presid\u00eancia do TRT-15 \u00a0recebe representantes do aeroporto de Viracopos<\/div>\n<\/div>\n<div>\n<div class=\"visually-hidden\">Conte\u00fado da Not\u00edcia<\/div>\n<div>\n<p class=\"text-align-justify\">Na tarde desta segunda-feira, 21\/8, \u00a0a Presid\u00eancia do Tribunal Regional do Trabalho da 15\u00aa Regi\u00e3o dialogou com representantes do aeroporto internacional de Viracopos. Estiveram presentes no encontro o diretor presidente, Gustavo M\u00fcssnich, a assessora jur\u00eddica Paula Villar e o coordenador de Meio Ambiente, Mois\u00e9s Alves de Ara\u00fajo J\u00fanior. Os desembargadores da 15\u00aa Regi\u00e3o Ana Paula Pellegrina Lockmann, Renan Ravel Rodrigues Fagundes e F\u00e1bio Bueno de Aguiar, \u00a0a coordenadora do Cejusc de 2\u00ba grau, ju\u00edza Dora Rossi G\u00f3es Sanches \u00a0e os ju\u00edzes auxiliares da Presid\u00eancia e da Vice-Presid\u00eancia Judicial, Daniela Macia Ferraz Giannini e Guilherme Guimar\u00e3es Feliciano tamb\u00e9m participaram da reuni\u00e3o.<\/p>\n<p class=\"text-align-justify\">A principal finalidade do encontro \u00e9 a apresenta\u00e7\u00e3o do Projeto Acordos, que visa ao fortalecimento da pol\u00edtica de concilia\u00e7\u00e3o no Tribunal, amplamente estimulada e promovida na 15\u00aa Regi\u00e3o.<\/p>\n<\/div><\/div>\n<div>\n<div>Unidade Respons\u00e1vel:<\/div>\n<div>Comunica\u00e7\u00e3o Social<\/div>\n<\/div>\n<div>Ter, 22\/08\/2023 &#8211; 16:03<\/div>\n<p>      <span class=\"a2a_kit a2a_kit_size_16 addtoany_list\"><a class=\"a2a_dd addtoany_share\" href=\"https:\/\/www.addtoany.com\/share#url=https%3A%2F%2Ftrt15.jus.br%2Fnoticia%2F2023%2Fpresidencia-do-trt-15-recebe-representantes-do-aeroporto-de-viracopos&amp;title=Presid%C3%AAncia%20do%20TRT-15%20%C2%A0recebe%20representantes%20do%20aeroporto%20de%20Viracopos\"><\/a><a class=\"a2a_button_whatsapp\"><\/a><a class=\"a2a_button_google_gmail\"><\/a><a class=\"a2a_button_twitter\"><\/a><a class=\"a2a_button_facebook\"><\/a><a class=\"a2a_button_linkedin\"><\/a><\/span><\/p>","protected":false},"excerpt":{"rendered":"<p>Presid\u00eancia do TRT-15 \u00a0recebe representantes do aeroporto de Viracopos edersantana Ter, 22\/08\/2023 &#8211; 16:03 Presid\u00eancia do TRT-15 \u00a0recebe representantes do aeroporto de Viracopos Conte\u00fado da Not\u00edcia Na tarde desta segunda-feira, 21\/8, \u00a0a Presid\u00eancia do Tribunal Regional do Trabalho da 15\u00aa Regi\u00e3o dialogou com representantes do aeroporto internacional de Viracopos. Estiveram presentes no encontro o diretor [&hellip;]<\/p>\n","protected":false},"author":0,"featured_media":4478,"comment_status":"open","ping_status":"open","sticky":false,"template":"","format":"standard","meta":[],"categories":[1],"tags":[],"_links":{"self":[{"href":"https:\/\/aprimora.site\/carvalhoalmeidaadvogados\/wp-json\/wp\/v2\/posts\/4477"}],"collection":[{"href":"https:\/\/aprimora.site\/carvalhoalmeidaadvogados\/wp-json\/wp\/v2\/posts"}],"about":[{"href":"https:\/\/aprimora.site\/carvalhoalmeidaadvogados\/wp-json\/wp\/v2\/types\/post"}],"replies":[{"embeddable":true,"href":"https:\/\/aprimora.site\/carvalhoalmeidaadvogados\/wp-json\/wp\/v2\/comments?post=4477"}],"version-history":[{"count":0,"href":"https:\/\/aprimora.site\/carvalhoalmeidaadvogados\/wp-json\/wp\/v2\/posts\/4477\/revisions"}],"wp:featuredmedia":[{"embeddable":true,"href":"https:\/\/aprimora.site\/carvalhoalmeidaadvogados\/wp-json\/wp\/v2\/media\/4478"}],"wp:attachment":[{"href":"https:\/\/aprimora.site\/carvalhoalmeidaadvogados\/wp-json\/wp\/v2\/media?parent=4477"}],"wp:term":[{"taxonomy":"category","embeddable":true,"href":"https:\/\/aprimora.site\/carvalhoalmeidaadvogados\/wp-json\/wp\/v2\/categories?post=4477"},{"taxonomy":"post_tag","embeddable":true,"href":"https:\/\/aprimora.site\/carvalhoalmeidaadvogados\/wp-json\/wp\/v2\/tags?post=4477"}],"curies":[{"name":"wp","href":"https:\/\/api.w.org\/{rel}","templated":true}]}}