{"id":4397,"date":"2023-08-10T03:25:52","date_gmt":"2023-08-10T06:25:52","guid":{"rendered":"https:\/\/aprimora.site\/carvalhoalmeidaadvogados\/2023\/08\/10\/stj-participa-de-cupula-inedita-do-cnj-para-discutir-papel-da-justica-na-amazonia\/"},"modified":"2023-08-10T03:25:52","modified_gmt":"2023-08-10T06:25:52","slug":"stj-participa-de-cupula-inedita-do-cnj-para-discutir-papel-da-justica-na-amazonia","status":"publish","type":"post","link":"https:\/\/aprimora.site\/carvalhoalmeidaadvogados\/2023\/08\/10\/stj-participa-de-cupula-inedita-do-cnj-para-discutir-papel-da-justica-na-amazonia\/","title":{"rendered":"STJ participa de c\u00fapula in\u00e9dita do CNJ para discutir papel da Justi\u00e7a na Amaz\u00f4nia"},"content":{"rendered":"<p>STJ participa de c\u00fapula in\u00e9dita do CNJ para discutir papel da Justi\u00e7a na Amaz\u00f4nia<\/p>","protected":false},"excerpt":{"rendered":"<p>STJ participa de c\u00fapula in\u00e9dita do CNJ para discutir papel da Justi\u00e7a na Amaz\u00f4nia<\/p>\n","protected":false},"author":0,"featured_media":0,"comment_status":"open","ping_status":"open","sticky":false,"template":"","format":"standard","meta":[],"categories":[1],"tags":[],"_links":{"self":[{"href":"https:\/\/aprimora.site\/carvalhoalmeidaadvogados\/wp-json\/wp\/v2\/posts\/4397"}],"collection":[{"href":"https:\/\/aprimora.site\/carvalhoalmeidaadvogados\/wp-json\/wp\/v2\/posts"}],"about":[{"href":"https:\/\/aprimora.site\/carvalhoalmeidaadvogados\/wp-json\/wp\/v2\/types\/post"}],"replies":[{"embeddable":true,"href":"https:\/\/aprimora.site\/carvalhoalmeidaadvogados\/wp-json\/wp\/v2\/comments?post=4397"}],"version-history":[{"count":0,"href":"https:\/\/aprimora.site\/carvalhoalmeidaadvogados\/wp-json\/wp\/v2\/posts\/4397\/revisions"}],"wp:attachment":[{"href":"https:\/\/aprimora.site\/carvalhoalmeidaadvogados\/wp-json\/wp\/v2\/media?parent=4397"}],"wp:term":[{"taxonomy":"category","embeddable":true,"href":"https:\/\/aprimora.site\/carvalhoalmeidaadvogados\/wp-json\/wp\/v2\/categories?post=4397"},{"taxonomy":"post_tag","embeddable":true,"href":"https:\/\/aprimora.site\/carvalhoalmeidaadvogados\/wp-json\/wp\/v2\/tags?post=4397"}],"curies":[{"name":"wp","href":"https:\/\/api.w.org\/{rel}","templated":true}]}}