{"id":4383,"date":"2023-08-10T03:25:52","date_gmt":"2023-08-10T06:25:52","guid":{"rendered":"https:\/\/aprimora.site\/carvalhoalmeidaadvogados\/2023\/08\/10\/coletanea-de-artigos-juridicos-homenageia-ministra-assusete-magalhaes-lancamento-sera-no-dia-22\/"},"modified":"2023-08-10T03:25:52","modified_gmt":"2023-08-10T06:25:52","slug":"coletanea-de-artigos-juridicos-homenageia-ministra-assusete-magalhaes-lancamento-sera-no-dia-22","status":"publish","type":"post","link":"https:\/\/aprimora.site\/carvalhoalmeidaadvogados\/2023\/08\/10\/coletanea-de-artigos-juridicos-homenageia-ministra-assusete-magalhaes-lancamento-sera-no-dia-22\/","title":{"rendered":"Colet\u00e2nea de artigos jur\u00eddicos homenageia ministra Assusete Magalh\u00e3es; lan\u00e7amento ser\u00e1 no dia 22"},"content":{"rendered":"<p>Colet\u00e2nea de artigos jur\u00eddicos homenageia ministra Assusete Magalh\u00e3es; lan\u00e7amento ser\u00e1 no dia 22<\/p>","protected":false},"excerpt":{"rendered":"<p>Colet\u00e2nea de artigos jur\u00eddicos homenageia ministra Assusete Magalh\u00e3es; lan\u00e7amento ser\u00e1 no dia 22<\/p>\n","protected":false},"author":0,"featured_media":0,"comment_status":"open","ping_status":"open","sticky":false,"template":"","format":"standard","meta":[],"categories":[1],"tags":[],"_links":{"self":[{"href":"https:\/\/aprimora.site\/carvalhoalmeidaadvogados\/wp-json\/wp\/v2\/posts\/4383"}],"collection":[{"href":"https:\/\/aprimora.site\/carvalhoalmeidaadvogados\/wp-json\/wp\/v2\/posts"}],"about":[{"href":"https:\/\/aprimora.site\/carvalhoalmeidaadvogados\/wp-json\/wp\/v2\/types\/post"}],"replies":[{"embeddable":true,"href":"https:\/\/aprimora.site\/carvalhoalmeidaadvogados\/wp-json\/wp\/v2\/comments?post=4383"}],"version-history":[{"count":0,"href":"https:\/\/aprimora.site\/carvalhoalmeidaadvogados\/wp-json\/wp\/v2\/posts\/4383\/revisions"}],"wp:attachment":[{"href":"https:\/\/aprimora.site\/carvalhoalmeidaadvogados\/wp-json\/wp\/v2\/media?parent=4383"}],"wp:term":[{"taxonomy":"category","embeddable":true,"href":"https:\/\/aprimora.site\/carvalhoalmeidaadvogados\/wp-json\/wp\/v2\/categories?post=4383"},{"taxonomy":"post_tag","embeddable":true,"href":"https:\/\/aprimora.site\/carvalhoalmeidaadvogados\/wp-json\/wp\/v2\/tags?post=4383"}],"curies":[{"name":"wp","href":"https:\/\/api.w.org\/{rel}","templated":true}]}}