{"id":4343,"date":"2023-08-01T20:01:44","date_gmt":"2023-08-01T23:01:44","guid":{"rendered":"https:\/\/aprimora.site\/carvalhoalmeidaadvogados\/2023\/08\/01\/stj-reabre-ano-forense-plantao-judiciario-de-julho-registra-mais-de-nove-mil-decisoes\/"},"modified":"2023-08-01T20:01:44","modified_gmt":"2023-08-01T23:01:44","slug":"stj-reabre-ano-forense-plantao-judiciario-de-julho-registra-mais-de-nove-mil-decisoes","status":"publish","type":"post","link":"https:\/\/aprimora.site\/carvalhoalmeidaadvogados\/2023\/08\/01\/stj-reabre-ano-forense-plantao-judiciario-de-julho-registra-mais-de-nove-mil-decisoes\/","title":{"rendered":"STJ reabre ano forense; plant\u00e3o judici\u00e1rio de julho registra mais de nove mil decis\u00f5es"},"content":{"rendered":"<p>Com sess\u00e3o da Corte Especial nesta ter\u00e7a (1\u00ba), o tribunal retomou os trabalhos dos colegiados ap\u00f3s o recesso \u2013 per\u00edodo em que a presidente e o vice-presidente proferiram 9.308 decis\u00f5es.<\/p>","protected":false},"excerpt":{"rendered":"<p>Com sess\u00e3o da Corte Especial nesta ter\u00e7a (1\u00ba), o tribunal retomou os trabalhos dos colegiados ap\u00f3s o recesso \u2013 per\u00edodo em que a presidente e o vice-presidente proferiram 9.308 decis\u00f5es.<\/p>\n","protected":false},"author":0,"featured_media":0,"comment_status":"open","ping_status":"open","sticky":false,"template":"","format":"standard","meta":[],"categories":[1],"tags":[],"_links":{"self":[{"href":"https:\/\/aprimora.site\/carvalhoalmeidaadvogados\/wp-json\/wp\/v2\/posts\/4343"}],"collection":[{"href":"https:\/\/aprimora.site\/carvalhoalmeidaadvogados\/wp-json\/wp\/v2\/posts"}],"about":[{"href":"https:\/\/aprimora.site\/carvalhoalmeidaadvogados\/wp-json\/wp\/v2\/types\/post"}],"replies":[{"embeddable":true,"href":"https:\/\/aprimora.site\/carvalhoalmeidaadvogados\/wp-json\/wp\/v2\/comments?post=4343"}],"version-history":[{"count":0,"href":"https:\/\/aprimora.site\/carvalhoalmeidaadvogados\/wp-json\/wp\/v2\/posts\/4343\/revisions"}],"wp:attachment":[{"href":"https:\/\/aprimora.site\/carvalhoalmeidaadvogados\/wp-json\/wp\/v2\/media?parent=4343"}],"wp:term":[{"taxonomy":"category","embeddable":true,"href":"https:\/\/aprimora.site\/carvalhoalmeidaadvogados\/wp-json\/wp\/v2\/categories?post=4343"},{"taxonomy":"post_tag","embeddable":true,"href":"https:\/\/aprimora.site\/carvalhoalmeidaadvogados\/wp-json\/wp\/v2\/tags?post=4343"}],"curies":[{"name":"wp","href":"https:\/\/api.w.org\/{rel}","templated":true}]}}