{"id":4318,"date":"2023-07-31T21:23:45","date_gmt":"2023-08-01T00:23:45","guid":{"rendered":"https:\/\/aprimora.site\/carvalhoalmeidaadvogados\/2023\/07\/31\/corte-especial-abre-segundo-semestre-forense-com-sessao-na-proxima-terca-1o-as-14h\/"},"modified":"2023-07-31T21:23:45","modified_gmt":"2023-08-01T00:23:45","slug":"corte-especial-abre-segundo-semestre-forense-com-sessao-na-proxima-terca-1o-as-14h","status":"publish","type":"post","link":"https:\/\/aprimora.site\/carvalhoalmeidaadvogados\/2023\/07\/31\/corte-especial-abre-segundo-semestre-forense-com-sessao-na-proxima-terca-1o-as-14h\/","title":{"rendered":"Corte Especial abre segundo semestre forense com sess\u00e3o na pr\u00f3xima ter\u00e7a (1\u00ba), \u00e0s 14h"},"content":{"rendered":"<p>Corte Especial abre segundo semestre forense com sess\u00e3o na pr\u00f3xima ter\u00e7a (1\u00ba), \u00e0s 14h<\/p>","protected":false},"excerpt":{"rendered":"<p>Corte Especial abre segundo semestre forense com sess\u00e3o na pr\u00f3xima ter\u00e7a (1\u00ba), \u00e0s 14h<\/p>\n","protected":false},"author":0,"featured_media":0,"comment_status":"open","ping_status":"open","sticky":false,"template":"","format":"standard","meta":[],"categories":[1],"tags":[],"_links":{"self":[{"href":"https:\/\/aprimora.site\/carvalhoalmeidaadvogados\/wp-json\/wp\/v2\/posts\/4318"}],"collection":[{"href":"https:\/\/aprimora.site\/carvalhoalmeidaadvogados\/wp-json\/wp\/v2\/posts"}],"about":[{"href":"https:\/\/aprimora.site\/carvalhoalmeidaadvogados\/wp-json\/wp\/v2\/types\/post"}],"replies":[{"embeddable":true,"href":"https:\/\/aprimora.site\/carvalhoalmeidaadvogados\/wp-json\/wp\/v2\/comments?post=4318"}],"version-history":[{"count":0,"href":"https:\/\/aprimora.site\/carvalhoalmeidaadvogados\/wp-json\/wp\/v2\/posts\/4318\/revisions"}],"wp:attachment":[{"href":"https:\/\/aprimora.site\/carvalhoalmeidaadvogados\/wp-json\/wp\/v2\/media?parent=4318"}],"wp:term":[{"taxonomy":"category","embeddable":true,"href":"https:\/\/aprimora.site\/carvalhoalmeidaadvogados\/wp-json\/wp\/v2\/categories?post=4318"},{"taxonomy":"post_tag","embeddable":true,"href":"https:\/\/aprimora.site\/carvalhoalmeidaadvogados\/wp-json\/wp\/v2\/tags?post=4318"}],"curies":[{"name":"wp","href":"https:\/\/api.w.org\/{rel}","templated":true}]}}