{"id":4142,"date":"2023-07-04T09:12:36","date_gmt":"2023-07-04T12:12:36","guid":{"rendered":"https:\/\/aprimora.site\/carvalhoalmeidaadvogados\/2023\/07\/04\/corte-especial-condena-procurador-por-difamacao-e-injuria-contra-membro-do-mpf-e-delegado\/"},"modified":"2023-07-04T09:12:36","modified_gmt":"2023-07-04T12:12:36","slug":"corte-especial-condena-procurador-por-difamacao-e-injuria-contra-membro-do-mpf-e-delegado","status":"publish","type":"post","link":"https:\/\/aprimora.site\/carvalhoalmeidaadvogados\/2023\/07\/04\/corte-especial-condena-procurador-por-difamacao-e-injuria-contra-membro-do-mpf-e-delegado\/","title":{"rendered":"Corte Especial condena procurador por difama\u00e7\u00e3o e inj\u00faria contra membro do MPF e delegado"},"content":{"rendered":"<p>Corte Especial condena procurador por difama\u00e7\u00e3o e inj\u00faria contra membro do MPF e delegado<\/p>","protected":false},"excerpt":{"rendered":"<p>Corte Especial condena procurador por difama\u00e7\u00e3o e inj\u00faria contra membro do MPF e delegado<\/p>\n","protected":false},"author":0,"featured_media":0,"comment_status":"open","ping_status":"open","sticky":false,"template":"","format":"standard","meta":[],"categories":[1],"tags":[],"_links":{"self":[{"href":"https:\/\/aprimora.site\/carvalhoalmeidaadvogados\/wp-json\/wp\/v2\/posts\/4142"}],"collection":[{"href":"https:\/\/aprimora.site\/carvalhoalmeidaadvogados\/wp-json\/wp\/v2\/posts"}],"about":[{"href":"https:\/\/aprimora.site\/carvalhoalmeidaadvogados\/wp-json\/wp\/v2\/types\/post"}],"replies":[{"embeddable":true,"href":"https:\/\/aprimora.site\/carvalhoalmeidaadvogados\/wp-json\/wp\/v2\/comments?post=4142"}],"version-history":[{"count":0,"href":"https:\/\/aprimora.site\/carvalhoalmeidaadvogados\/wp-json\/wp\/v2\/posts\/4142\/revisions"}],"wp:attachment":[{"href":"https:\/\/aprimora.site\/carvalhoalmeidaadvogados\/wp-json\/wp\/v2\/media?parent=4142"}],"wp:term":[{"taxonomy":"category","embeddable":true,"href":"https:\/\/aprimora.site\/carvalhoalmeidaadvogados\/wp-json\/wp\/v2\/categories?post=4142"},{"taxonomy":"post_tag","embeddable":true,"href":"https:\/\/aprimora.site\/carvalhoalmeidaadvogados\/wp-json\/wp\/v2\/tags?post=4142"}],"curies":[{"name":"wp","href":"https:\/\/api.w.org\/{rel}","templated":true}]}}