{"id":4120,"date":"2023-07-04T09:12:35","date_gmt":"2023-07-04T12:12:35","guid":{"rendered":"https:\/\/aprimora.site\/carvalhoalmeidaadvogados\/2023\/07\/04\/condomino-nao-tem-legitimidade-para-individualmente-ajuizar-acao-de-exigir-contas-contra-administrador-do-condominio\/"},"modified":"2023-07-04T09:12:35","modified_gmt":"2023-07-04T12:12:35","slug":"condomino-nao-tem-legitimidade-para-individualmente-ajuizar-acao-de-exigir-contas-contra-administrador-do-condominio","status":"publish","type":"post","link":"https:\/\/aprimora.site\/carvalhoalmeidaadvogados\/2023\/07\/04\/condomino-nao-tem-legitimidade-para-individualmente-ajuizar-acao-de-exigir-contas-contra-administrador-do-condominio\/","title":{"rendered":"Cond\u00f4mino n\u00e3o tem legitimidade para, individualmente, ajuizar a\u00e7\u00e3o de exigir contas contra administrador do condom\u00ednio"},"content":{"rendered":"<p>Cond\u00f4mino n\u00e3o tem legitimidade para, individualmente, ajuizar a\u00e7\u00e3o de exigir contas contra administrador do condom\u00ednio<\/p>","protected":false},"excerpt":{"rendered":"<p>Cond\u00f4mino n\u00e3o tem legitimidade para, individualmente, ajuizar a\u00e7\u00e3o de exigir contas contra administrador do condom\u00ednio<\/p>\n","protected":false},"author":0,"featured_media":0,"comment_status":"open","ping_status":"open","sticky":false,"template":"","format":"standard","meta":[],"categories":[1],"tags":[],"_links":{"self":[{"href":"https:\/\/aprimora.site\/carvalhoalmeidaadvogados\/wp-json\/wp\/v2\/posts\/4120"}],"collection":[{"href":"https:\/\/aprimora.site\/carvalhoalmeidaadvogados\/wp-json\/wp\/v2\/posts"}],"about":[{"href":"https:\/\/aprimora.site\/carvalhoalmeidaadvogados\/wp-json\/wp\/v2\/types\/post"}],"replies":[{"embeddable":true,"href":"https:\/\/aprimora.site\/carvalhoalmeidaadvogados\/wp-json\/wp\/v2\/comments?post=4120"}],"version-history":[{"count":0,"href":"https:\/\/aprimora.site\/carvalhoalmeidaadvogados\/wp-json\/wp\/v2\/posts\/4120\/revisions"}],"wp:attachment":[{"href":"https:\/\/aprimora.site\/carvalhoalmeidaadvogados\/wp-json\/wp\/v2\/media?parent=4120"}],"wp:term":[{"taxonomy":"category","embeddable":true,"href":"https:\/\/aprimora.site\/carvalhoalmeidaadvogados\/wp-json\/wp\/v2\/categories?post=4120"},{"taxonomy":"post_tag","embeddable":true,"href":"https:\/\/aprimora.site\/carvalhoalmeidaadvogados\/wp-json\/wp\/v2\/tags?post=4120"}],"curies":[{"name":"wp","href":"https:\/\/api.w.org\/{rel}","templated":true}]}}