{"id":4109,"date":"2023-07-04T09:12:35","date_gmt":"2023-07-04T12:12:35","guid":{"rendered":"https:\/\/aprimora.site\/carvalhoalmeidaadvogados\/2023\/07\/04\/pagina-de-repetitivos-e-iacs-inclui-julgado-sobre-prazo-maximo-para-requerer-seguro-desemprego\/"},"modified":"2023-07-04T09:12:35","modified_gmt":"2023-07-04T12:12:35","slug":"pagina-de-repetitivos-e-iacs-inclui-julgado-sobre-prazo-maximo-para-requerer-seguro-desemprego","status":"publish","type":"post","link":"https:\/\/aprimora.site\/carvalhoalmeidaadvogados\/2023\/07\/04\/pagina-de-repetitivos-e-iacs-inclui-julgado-sobre-prazo-maximo-para-requerer-seguro-desemprego\/","title":{"rendered":"P\u00e1gina de Repetitivos e IACs inclui julgado sobre prazo m\u00e1ximo para requerer seguro-desemprego"},"content":{"rendered":"<p>P\u00e1gina de Repetitivos e IACs inclui julgado sobre prazo m\u00e1ximo para requerer seguro-desemprego<\/p>","protected":false},"excerpt":{"rendered":"<p>P\u00e1gina de Repetitivos e IACs inclui julgado sobre prazo m\u00e1ximo para requerer seguro-desemprego<\/p>\n","protected":false},"author":0,"featured_media":0,"comment_status":"open","ping_status":"open","sticky":false,"template":"","format":"standard","meta":[],"categories":[1],"tags":[],"_links":{"self":[{"href":"https:\/\/aprimora.site\/carvalhoalmeidaadvogados\/wp-json\/wp\/v2\/posts\/4109"}],"collection":[{"href":"https:\/\/aprimora.site\/carvalhoalmeidaadvogados\/wp-json\/wp\/v2\/posts"}],"about":[{"href":"https:\/\/aprimora.site\/carvalhoalmeidaadvogados\/wp-json\/wp\/v2\/types\/post"}],"replies":[{"embeddable":true,"href":"https:\/\/aprimora.site\/carvalhoalmeidaadvogados\/wp-json\/wp\/v2\/comments?post=4109"}],"version-history":[{"count":0,"href":"https:\/\/aprimora.site\/carvalhoalmeidaadvogados\/wp-json\/wp\/v2\/posts\/4109\/revisions"}],"wp:attachment":[{"href":"https:\/\/aprimora.site\/carvalhoalmeidaadvogados\/wp-json\/wp\/v2\/media?parent=4109"}],"wp:term":[{"taxonomy":"category","embeddable":true,"href":"https:\/\/aprimora.site\/carvalhoalmeidaadvogados\/wp-json\/wp\/v2\/categories?post=4109"},{"taxonomy":"post_tag","embeddable":true,"href":"https:\/\/aprimora.site\/carvalhoalmeidaadvogados\/wp-json\/wp\/v2\/tags?post=4109"}],"curies":[{"name":"wp","href":"https:\/\/api.w.org\/{rel}","templated":true}]}}