{"id":4107,"date":"2023-07-04T09:12:35","date_gmt":"2023-07-04T12:12:35","guid":{"rendered":"https:\/\/aprimora.site\/carvalhoalmeidaadvogados\/2023\/07\/04\/informativo-traz-aplicacao-da-lei-de-improbidade-a-politicos-municipais-e-termo-inicial-da-prescricao-aquisitiva\/"},"modified":"2023-07-04T09:12:35","modified_gmt":"2023-07-04T12:12:35","slug":"informativo-traz-aplicacao-da-lei-de-improbidade-a-politicos-municipais-e-termo-inicial-da-prescricao-aquisitiva","status":"publish","type":"post","link":"https:\/\/aprimora.site\/carvalhoalmeidaadvogados\/2023\/07\/04\/informativo-traz-aplicacao-da-lei-de-improbidade-a-politicos-municipais-e-termo-inicial-da-prescricao-aquisitiva\/","title":{"rendered":"Informativo traz aplica\u00e7\u00e3o da Lei de Improbidade a pol\u00edticos municipais e termo inicial da prescri\u00e7\u00e3o aquisitiva"},"content":{"rendered":"<p>Informativo traz aplica\u00e7\u00e3o da Lei de Improbidade a pol\u00edticos municipais e termo inicial da prescri\u00e7\u00e3o aquisitiva<\/p>","protected":false},"excerpt":{"rendered":"<p>Informativo traz aplica\u00e7\u00e3o da Lei de Improbidade a pol\u00edticos municipais e termo inicial da prescri\u00e7\u00e3o aquisitiva<\/p>\n","protected":false},"author":0,"featured_media":0,"comment_status":"open","ping_status":"open","sticky":false,"template":"","format":"standard","meta":[],"categories":[1],"tags":[],"_links":{"self":[{"href":"https:\/\/aprimora.site\/carvalhoalmeidaadvogados\/wp-json\/wp\/v2\/posts\/4107"}],"collection":[{"href":"https:\/\/aprimora.site\/carvalhoalmeidaadvogados\/wp-json\/wp\/v2\/posts"}],"about":[{"href":"https:\/\/aprimora.site\/carvalhoalmeidaadvogados\/wp-json\/wp\/v2\/types\/post"}],"replies":[{"embeddable":true,"href":"https:\/\/aprimora.site\/carvalhoalmeidaadvogados\/wp-json\/wp\/v2\/comments?post=4107"}],"version-history":[{"count":0,"href":"https:\/\/aprimora.site\/carvalhoalmeidaadvogados\/wp-json\/wp\/v2\/posts\/4107\/revisions"}],"wp:attachment":[{"href":"https:\/\/aprimora.site\/carvalhoalmeidaadvogados\/wp-json\/wp\/v2\/media?parent=4107"}],"wp:term":[{"taxonomy":"category","embeddable":true,"href":"https:\/\/aprimora.site\/carvalhoalmeidaadvogados\/wp-json\/wp\/v2\/categories?post=4107"},{"taxonomy":"post_tag","embeddable":true,"href":"https:\/\/aprimora.site\/carvalhoalmeidaadvogados\/wp-json\/wp\/v2\/tags?post=4107"}],"curies":[{"name":"wp","href":"https:\/\/api.w.org\/{rel}","templated":true}]}}