{"id":4041,"date":"2023-05-19T22:19:21","date_gmt":"2023-05-20T01:19:21","guid":{"rendered":"https:\/\/aprimora.site\/carvalhoalmeidaadvogados\/2023\/05\/19\/registre-se-nova-acao-do-cnj-para-combater-o-sub-registro-civil-de-nascimentos\/"},"modified":"2023-05-19T22:19:21","modified_gmt":"2023-05-20T01:19:21","slug":"registre-se-nova-acao-do-cnj-para-combater-o-sub-registro-civil-de-nascimentos","status":"publish","type":"post","link":"https:\/\/aprimora.site\/carvalhoalmeidaadvogados\/2023\/05\/19\/registre-se-nova-acao-do-cnj-para-combater-o-sub-registro-civil-de-nascimentos\/","title":{"rendered":"Registre-se: nova a\u00e7\u00e3o do CNJ para combater o sub-registro civil de nascimentos"},"content":{"rendered":"<p>O Conselho Nacional de Justi\u00e7a (CNJ) promove, entre os dias 8 e 12 de maio, a primeira edi\u00e7\u00e3o da <em>Semana Nacional de Registro Civil do Poder Judici\u00e1rio \u2013 Registre-se<\/em>. Institu\u00eddo por meio do <a href=\"https:\/\/atos.cnj.jus.br\/files\/original2114002023022363f7d718d3b3d.pdf\" target=\"_blank\" rel=\"noopener\"><strong>Provimento 140\/2023<\/strong><\/a>, o programa tem o objetivo de mobilizar a Justi\u00e7a estadual e a federal para erradicar o sub-registro civil de nascimento no pa\u00eds e ampliar o acesso \u00e0 documenta\u00e7\u00e3o civil b\u00e1sica para todos os brasileiros, especialmente para a popula\u00e7\u00e3o socialmente vulner\u00e1vel. <\/p>\n<p>A relev\u00e2ncia e a urg\u00eancia da atua\u00e7\u00e3o do Poder Judici\u00e1rio nesse tema foram verificadas a partir da an\u00e1lise dos dados estat\u00edsticos do registro civil no censo demogr\u00e1fico de 2022, realizado pelo Instituto Brasileiro de Geografia e Estat\u00edstica (IBGE), que apontaram 2,7 milh\u00f5es de pessoas sem certid\u00e3o de nascimento.<\/p>\n<h2>Ministro Luis Felipe Salom\u00e3o abriu a campanha na manh\u00e3 desta segunda-feira <\/h2>\n<p>A campanha foi aberta na manh\u00e3 desta segunda-feira (8), \u00e0s 10h30, pelo corregedor nacional de Justi\u00e7a, o ministro do Superior Tribunal de Justi\u00e7a (STJ) Luis Felipe Salom\u00e3o, em cerim\u00f4nia realizada no Tribunal de Justi\u00e7a do Distrito Federal e dos Territ\u00f3rios (TJDFT). <\/p>\n<p>Nos cinco dias da a\u00e7\u00e3o, os oficiais de registro civil das pessoas naturais far\u00e3o um esfor\u00e7o concentrado para garantir a inclus\u00e3o social por meio da emiss\u00e3o de documentos, de forma gratuita, para pessoas em situa\u00e7\u00e3o de rua ou em vulnerabilidade socioecon\u00f4mica. Al\u00e9m da emiss\u00e3o de documenta\u00e7\u00e3o civil \u2013 como certid\u00f5es de nascimento, CPF e RG \u2013, tamb\u00e9m ser\u00e1 providenciada a inclus\u00e3o no Cadastro \u00danico para Programas Sociais (Cad\u00danico).<\/p>\n<p>Os hor\u00e1rios e os locais em que ser\u00e3o realizadas as a\u00e7\u00f5es da <em>Semana Nacional de Registro Civil <\/em>em cada estado podem ser conferidos neste<em> <\/em><a href=\"https:\/\/www.cnj.jus.br\/corregedoriacnj\/semana-nacional-de-registro-civil-registre-se\/1-a-semana-nacional-do-registro-civil\/\" target=\"_blank\" rel=\"noopener\"><em><strong>link<\/strong><\/em><\/a>.<\/p>","protected":false},"excerpt":{"rendered":"<p>O Conselho Nacional de Justi\u00e7a (CNJ) promove, entre os dias 8 e 12 de maio, a primeira edi\u00e7\u00e3o da Semana Nacional de Registro Civil do Poder Judici\u00e1rio \u2013 Registre-se. Institu\u00eddo por meio do Provimento 140\/2023, o programa tem o objetivo de mobilizar a Justi\u00e7a estadual e a federal para erradicar o sub-registro civil de nascimento [&hellip;]<\/p>\n","protected":false},"author":0,"featured_media":0,"comment_status":"open","ping_status":"open","sticky":false,"template":"","format":"standard","meta":[],"categories":[1],"tags":[],"_links":{"self":[{"href":"https:\/\/aprimora.site\/carvalhoalmeidaadvogados\/wp-json\/wp\/v2\/posts\/4041"}],"collection":[{"href":"https:\/\/aprimora.site\/carvalhoalmeidaadvogados\/wp-json\/wp\/v2\/posts"}],"about":[{"href":"https:\/\/aprimora.site\/carvalhoalmeidaadvogados\/wp-json\/wp\/v2\/types\/post"}],"replies":[{"embeddable":true,"href":"https:\/\/aprimora.site\/carvalhoalmeidaadvogados\/wp-json\/wp\/v2\/comments?post=4041"}],"version-history":[{"count":0,"href":"https:\/\/aprimora.site\/carvalhoalmeidaadvogados\/wp-json\/wp\/v2\/posts\/4041\/revisions"}],"wp:attachment":[{"href":"https:\/\/aprimora.site\/carvalhoalmeidaadvogados\/wp-json\/wp\/v2\/media?parent=4041"}],"wp:term":[{"taxonomy":"category","embeddable":true,"href":"https:\/\/aprimora.site\/carvalhoalmeidaadvogados\/wp-json\/wp\/v2\/categories?post=4041"},{"taxonomy":"post_tag","embeddable":true,"href":"https:\/\/aprimora.site\/carvalhoalmeidaadvogados\/wp-json\/wp\/v2\/tags?post=4041"}],"curies":[{"name":"wp","href":"https:\/\/api.w.org\/{rel}","templated":true}]}}