{"id":4016,"date":"2023-05-19T22:19:20","date_gmt":"2023-05-20T01:19:20","guid":{"rendered":"https:\/\/aprimora.site\/carvalhoalmeidaadvogados\/2023\/05\/19\/pagina-de-repetitivos-e-iacs-anotados-inclui-retratacao-sobre-incidencia-de-ir-e-de-csll\/"},"modified":"2023-05-19T22:19:20","modified_gmt":"2023-05-20T01:19:20","slug":"pagina-de-repetitivos-e-iacs-anotados-inclui-retratacao-sobre-incidencia-de-ir-e-de-csll","status":"publish","type":"post","link":"https:\/\/aprimora.site\/carvalhoalmeidaadvogados\/2023\/05\/19\/pagina-de-repetitivos-e-iacs-anotados-inclui-retratacao-sobre-incidencia-de-ir-e-de-csll\/","title":{"rendered":"P\u00e1gina de Repetitivos e IACs Anotados inclui retrata\u00e7\u00e3o sobre incid\u00eancia de IR e de CSLL"},"content":{"rendered":"<p>\u200b<span>A Secretaria de Jurisprud\u00eancia do Superior Tribunal de Justi\u00e7a (STJ) atualizou a base de dados de <\/span><a href=\"https:\/\/scon.stj.jus.br\/SCON\/recrep\/\"><strong>Repetitivos e IACs Anotados<\/strong>.<\/a><span> Foram inclu\u00eddas informa\u00e7\u00f5es,<\/span><span> em sede de retrata\u00e7\u00e3o,\u00a0<\/span><span> a respeito do julgamento do Recurso Especial <\/span><span>1.138.695<\/span><span>, classificado no ramo do direito tribut\u00e1rio, nos assuntos IR e CSLL.<\/span><\/p>\n<p>O ac\u00f3rd\u00e3o estabelece a n\u00e3o incid\u00eancia de IR e de CSLL sobre os juros Selic aplicados na repeti\u00e7\u00e3o de ind\u00e9bito tribut\u00e1rio, observando-se a modula\u00e7\u00e3o de efeitos prevista no tema 962 da repercuss\u00e3o geral do STF e, em contrapartida, a incid\u00eancia de IRPJ e de CSLL sobre os juros incidentes na devolu\u00e7\u00e3o dos dep\u00f3sitos judiciais.<\/p>\n<h2>Plataforma<\/h2>\n<p>A p\u00e1gina de <a href=\"https:\/\/processo.stj.jus.br\/repetitivos\/temas_repetitivos\/\"><strong>Precedentes Qualificados<\/strong><\/a> do STJ traz informa\u00e7\u00f5es atualizadas relacionadas \u00e0 tramita\u00e7\u00e3o \u2013 como afeta\u00e7\u00e3o, desafeta\u00e7\u00e3o e suspens\u00e3o de processos \u2013, permitindo pesquisas sobre <a href=\"https:\/\/www.stj.jus.br\/sites\/portalp\/Precedentes\/Informacoes-gerais\/Recursos-repetitivos\" target=\"_blank\" rel=\"noopener\"><strong>recursos repetitivos<\/strong><\/a>, <a href=\"https:\/\/www.stj.jus.br\/sites\/portalp\/Precedentes\/informacoes-gerais\/controversias\" target=\"_blank\" rel=\"noopener\"><strong>controv\u00e9rsias<\/strong><\/a>, <a href=\"https:\/\/www.stj.jus.br\/sites\/portalp\/Precedentes\/informacoes-gerais\/incidentes-de-assuncao-de-competencia\" target=\"_blank\" rel=\"noopener\"><strong>incidentes de assun\u00e7\u00e3o de compet\u00eancia<\/strong><\/a>,\u00a0<a href=\"https:\/\/www.stj.jus.br\/sites\/portalp\/Precedentes\/informacoes-gerais\/suspensoes-em-irdr\" target=\"_blank\" rel=\"noopener\"><strong>suspens\u00f5es em incidente de resolu\u00e7\u00e3o de demandas repetitivas<\/strong><\/a> e <a href=\"https:\/\/www.stj.jus.br\/sites\/portalp\/Precedentes\/informacoes-gerais\/pedidos-de-uniformizacao-de-interpretacao-de-lei\" target=\"_blank\" rel=\"noopener\"><strong>pedidos de uniformiza\u00e7\u00e3o de interpreta\u00e7\u00e3o de lei<\/strong><\/a>, por palavras-chaves e v\u00e1rios outros crit\u00e9rios.<\/p>\n<p>A p\u00e1gina <a href=\"https:\/\/scon.stj.jus.br\/SCON\/recrep\/\" target=\"_blank\" rel=\"noopener\"><strong>Repetitivos e IACs Anotados<\/strong><\/a> disponibiliza os ##ac\u00f3rd\u00e3os## j\u00e1 publicados (##ac\u00f3rd\u00e3os## dos ##recursos especiais## julgados no tribunal sob o rito <a href=\"http:\/\/www.planalto.gov.br\/ccivil_03\/_ato2015-2018\/2015\/lei\/l13105.htm#art1036\" target=\"_blank\" rel=\"noopener\"><strong>dos artigos 1.036 a 1.041<\/strong><\/a> e do <a href=\"http:\/\/www.planalto.gov.br\/ccivil_03\/_ato2015-2018\/2015\/lei\/l13105.htm#art947\" target=\"_blank\" rel=\"noopener\"><strong>artigo 947<\/strong><\/a> do C\u00f3digo de Processo Civil), organizando-os de acordo com o ramo do direito e por assuntos espec\u00edficos.<\/p>\n<p>vti_charset:SR|utf-8<br \/>\nCampoResumo2:SW|<br \/>\nvti_folderitemcount:IR|0<br \/>\nCampoExibirNaHome:BW|false<br \/>\nDisplayTemplateJSTemplateHidden:IW|0<br \/>\ndisplay_urn:schemas-microsoft-com:office:office#PublishingContact:SW|Camila Santos Costa<br \/>\nPublishingContactEmail:SW|<br \/>\nvti_timelastwnssent:TR|11 May 2023 20:31:28 -0000<br \/>\nCampoProcessosRelacionados2:SW|<br \/>\nCampoTituloChamada:SW|<br \/>\nvti_iplabelpromotionversion:IW|0<br \/>\nPublishingContact:IW|97<br \/>\nvti_previewinvalidtime:TX|11 May 2023 20:28:03 -0000<br \/>\nCampoCategoria2:IW|50<br \/>\nvti_writevalidationtoken:SW|+Omi+jDii8a\/vB+oqvfJMqnnz3g=<br \/>\nContentTypeId:SW|0x010100C568DB52D9D0A14D9B2FDCC96666E9F2007948130EC3DB064584E219954237AF390028C222943FF17147A8DFF100E78AD63E009AE7A42EF36FBD45885808727835AC84<br \/>\nCampoMinistros:SW|<br \/>\nPublishingIsFurlPage:IW|0<br \/>\nvti_decryptskipreason:IW|6<br \/>\nCampoCreditoImg:SW|<br \/>\nCampoImagemMiniatura2:SW|<br \/>\nvti_sprocsschemaversion:SR|16.0.851.0<br \/>\nPublishingContactName:SW|<br \/>\nvti_areHybridOrphanHashedBlobsCleaned:BW|false<br \/>\nPublishingPageLayout:SW|https:\/\/stjjus.sharepoint.com\/sites\/portalp\/_catalogs\/masterpage\/LayoutConteudoPadraoPortalSTJ.aspx, Layout Conte\u00fado Padr\u00e3o Portal STJ<\/p>","protected":false},"excerpt":{"rendered":"<p>\u200bA Secretaria de Jurisprud\u00eancia do Superior Tribunal de Justi\u00e7a (STJ) atualizou a base de dados de Repetitivos e IACs Anotados. Foram inclu\u00eddas informa\u00e7\u00f5es, em sede de retrata\u00e7\u00e3o,\u00a0 a respeito do julgamento do Recurso Especial 1.138.695, classificado no ramo do direito tribut\u00e1rio, nos assuntos IR e CSLL. O ac\u00f3rd\u00e3o estabelece a n\u00e3o incid\u00eancia de IR e [&hellip;]<\/p>\n","protected":false},"author":0,"featured_media":0,"comment_status":"open","ping_status":"open","sticky":false,"template":"","format":"standard","meta":[],"categories":[1],"tags":[],"_links":{"self":[{"href":"https:\/\/aprimora.site\/carvalhoalmeidaadvogados\/wp-json\/wp\/v2\/posts\/4016"}],"collection":[{"href":"https:\/\/aprimora.site\/carvalhoalmeidaadvogados\/wp-json\/wp\/v2\/posts"}],"about":[{"href":"https:\/\/aprimora.site\/carvalhoalmeidaadvogados\/wp-json\/wp\/v2\/types\/post"}],"replies":[{"embeddable":true,"href":"https:\/\/aprimora.site\/carvalhoalmeidaadvogados\/wp-json\/wp\/v2\/comments?post=4016"}],"version-history":[{"count":0,"href":"https:\/\/aprimora.site\/carvalhoalmeidaadvogados\/wp-json\/wp\/v2\/posts\/4016\/revisions"}],"wp:attachment":[{"href":"https:\/\/aprimora.site\/carvalhoalmeidaadvogados\/wp-json\/wp\/v2\/media?parent=4016"}],"wp:term":[{"taxonomy":"category","embeddable":true,"href":"https:\/\/aprimora.site\/carvalhoalmeidaadvogados\/wp-json\/wp\/v2\/categories?post=4016"},{"taxonomy":"post_tag","embeddable":true,"href":"https:\/\/aprimora.site\/carvalhoalmeidaadvogados\/wp-json\/wp\/v2\/tags?post=4016"}],"curies":[{"name":"wp","href":"https:\/\/api.w.org\/{rel}","templated":true}]}}