{"id":4011,"date":"2023-05-19T22:19:20","date_gmt":"2023-05-20T01:19:20","guid":{"rendered":"https:\/\/aprimora.site\/carvalhoalmeidaadvogados\/2023\/05\/19\/tribunal-lanca-consulta-publica-sobre-politica-de-acessibilidade-e-inclusao\/"},"modified":"2023-05-19T22:19:20","modified_gmt":"2023-05-20T01:19:20","slug":"tribunal-lanca-consulta-publica-sobre-politica-de-acessibilidade-e-inclusao","status":"publish","type":"post","link":"https:\/\/aprimora.site\/carvalhoalmeidaadvogados\/2023\/05\/19\/tribunal-lanca-consulta-publica-sobre-politica-de-acessibilidade-e-inclusao\/","title":{"rendered":"Tribunal lan\u00e7a consulta p\u00fablica sobre pol\u00edtica de acessibilidade e inclus\u00e3o"},"content":{"rendered":"<p>\u200b<span>O Superior Tribunal de Justi\u00e7a (STJ) realiza, a partir desta segunda-feira (15) e at\u00e9 o dia 16 de junho, uma consulta p\u00fablica para a revis\u00e3o de sua Pol\u00edtica de Acessibilidade e Inclus\u00e3o da Pessoa com Defici\u00eancia ou com Mobilidade Reduzida.<\/span><\/p>\n<p>A participa\u00e7\u00e3o na pesquisa poder\u00e1 ser de duas formas: por meio de um rn   <a href=\"https:\/\/forms.office.com\/r\/ji7Fus8LN6\" target=\"_blank\" rel=\"noopener\"> rn      <strong>formul\u00e1rio<\/strong><\/a>, acess\u00edvel tamb\u00e9m \u00e0s pessoas com defici\u00eancia visual completa, ou pelo rn   <em>e-mail<\/em><a href=\"mailto:inclus%C3%A3o@stj.jus.br\"> rn      <strong>inclus\u00e3o@stj.jus.br<\/strong><\/a>.<\/p>\n<p>Um v\u00eddeo de apresenta\u00e7\u00e3o do conte\u00fado proposto para a nova pol\u00edtica, com tradu\u00e7\u00e3o em Libras, est\u00e1 dispon\u00edvel no YouTube. Clique na imagem para assistir:<\/p>\n\n<div class=\"video-container\"> rn    \u00a0<\/div>\n<p> rnrn<\/p>\n<p>rn<\/p>\n<p>A iniciativa da consulta segue recomenda\u00e7\u00e3o da cartilha rn   <em>Como Construir um Ambiente Acess\u00edvel nas Organiza\u00e7\u00f5es P\u00fablicas<\/em>, criada pela Rede de Acessibilidade, que sugere a participa\u00e7\u00e3o do p\u00fablico externo na constru\u00e7\u00e3o das pol\u00edticas e na sua revis\u00e3o peri\u00f3dica.<\/p>\n<h2>A\u00e7\u00f5es do tribunal para promover a igualdade<\/h2>\n<p>A Coordenadoria de Acessibilidade e Inclus\u00e3o do STJ explica que o prop\u00f3sito da pesquisa, al\u00e9m de validar os princ\u00edpios, as diretrizes e os objetivos da nova pol\u00edtica, \u00e9 atender ao lema &#8220;Nada sobre n\u00f3s sem n\u00f3s&#8221;, dando \u00e0s pessoas com defici\u00eancia a oportunidade de opinar sobre a revis\u00e3o.<\/p>\n<p>Segundo a coordenadoria, a nova pol\u00edtica nortear\u00e1 as atividades do Tribunal da Cidadania na promo\u00e7\u00e3o da inclus\u00e3o social das pessoas com defici\u00eancia ou com mobilidade reduzida, buscando garantir o exerc\u00edcio de direitos e liberdades fundamentais em condi\u00e7\u00f5es de igualdade.<\/p>\n<p>Para obter retorno a respeito da pesquisa, pode ser feito contato pelo rn   <em>e-mail<\/em><a href=\"mailto:inclusao@stj.jus.br\"> rn      <strong>inclusao@stj.jus.br<\/strong><\/a>.<\/p>\n<p>vti_charset:SR|utf-8<br \/>\nCampoResumo2:SW|STJ quer ouvir o usu\u00e1rio sobre sua pol\u00edtica de acessibilidade<br \/>\nvti_folderitemcount:IR|0<br \/>\nCampoExibirNaHome:BW|false<br \/>\nDisplayTemplateJSTemplateHidden:IW|0<br \/>\ndisplay_urn:schemas-microsoft-com:office:office#PublishingContact:SW|Camila Santos Costa<br \/>\nPublishingContactEmail:SW|<br \/>\nvti_timelastwnssent:TR|17 May 2023 17:46:55 -0000<br \/>\nCampoProcessosRelacionados2:SW|<br \/>\nCampoTituloChamada:SW|Consulta p\u00fablica sobre acessibilidade e inclus\u00e3o<br \/>\nvti_iplabelpromotionversion:IW|0<br \/>\nPublishingContact:IW|97<br \/>\nvti_previewinvalidtime:TX|12 May 2023 20:49:04 -0000<br \/>\nCampoCategoria2:IW|98<br \/>\nvti_writevalidationtoken:SW|US31gRxbLSeJ23PTJZ4N2tDiAm8=<br \/>\nContentTypeId:SW|0x010100C568DB52D9D0A14D9B2FDCC96666E9F2007948130EC3DB064584E219954237AF390028C222943FF17147A8DFF100E78AD63E009AE7A42EF36FBD45885808727835AC84<br \/>\nCampoMinistros:SW|<br \/>\nPublishingIsFurlPage:IW|0<br \/>\nvti_decryptskipreason:IW|6<br \/>\nCampoCreditoImg:SW|<br \/>\nCampoImagemMiniatura2:SW|<br \/>\nvti_sprocsschemaversion:SR|16.0.855.0<br \/>\nPublishingContactName:SW|<br \/>\nvti_areHybridOrphanHashedBlobsCleaned:BW|false<br \/>\nPublishingPageLayout:SW|https:\/\/stjjus.sharepoint.com\/sites\/portalp\/_catalogs\/masterpage\/LayoutConteudoPadraoPortalSTJ.aspx, Layout Conte\u00fado Padr\u00e3o Portal STJ<\/p>","protected":false},"excerpt":{"rendered":"<p>\u200bO Superior Tribunal de Justi\u00e7a (STJ) realiza, a partir desta segunda-feira (15) e at\u00e9 o dia 16 de junho, uma consulta p\u00fablica para a revis\u00e3o de sua Pol\u00edtica de Acessibilidade e Inclus\u00e3o da Pessoa com Defici\u00eancia ou com Mobilidade Reduzida. A participa\u00e7\u00e3o na pesquisa poder\u00e1 ser de duas formas: por meio de um rn rn [&hellip;]<\/p>\n","protected":false},"author":0,"featured_media":0,"comment_status":"open","ping_status":"open","sticky":false,"template":"","format":"standard","meta":[],"categories":[1],"tags":[],"_links":{"self":[{"href":"https:\/\/aprimora.site\/carvalhoalmeidaadvogados\/wp-json\/wp\/v2\/posts\/4011"}],"collection":[{"href":"https:\/\/aprimora.site\/carvalhoalmeidaadvogados\/wp-json\/wp\/v2\/posts"}],"about":[{"href":"https:\/\/aprimora.site\/carvalhoalmeidaadvogados\/wp-json\/wp\/v2\/types\/post"}],"replies":[{"embeddable":true,"href":"https:\/\/aprimora.site\/carvalhoalmeidaadvogados\/wp-json\/wp\/v2\/comments?post=4011"}],"version-history":[{"count":0,"href":"https:\/\/aprimora.site\/carvalhoalmeidaadvogados\/wp-json\/wp\/v2\/posts\/4011\/revisions"}],"wp:attachment":[{"href":"https:\/\/aprimora.site\/carvalhoalmeidaadvogados\/wp-json\/wp\/v2\/media?parent=4011"}],"wp:term":[{"taxonomy":"category","embeddable":true,"href":"https:\/\/aprimora.site\/carvalhoalmeidaadvogados\/wp-json\/wp\/v2\/categories?post=4011"},{"taxonomy":"post_tag","embeddable":true,"href":"https:\/\/aprimora.site\/carvalhoalmeidaadvogados\/wp-json\/wp\/v2\/tags?post=4011"}],"curies":[{"name":"wp","href":"https:\/\/api.w.org\/{rel}","templated":true}]}}