{"id":3669,"date":"2023-04-18T10:12:44","date_gmt":"2023-04-18T13:12:44","guid":{"rendered":"https:\/\/aprimora.site\/carvalhoalmeidaadvogados\/2023\/04\/18\/vice-presidente-envia-ao-stf-investigacao-sobre-compra-de-respiradores-pelo-consorcio-nordeste\/"},"modified":"2023-04-18T10:12:44","modified_gmt":"2023-04-18T13:12:44","slug":"vice-presidente-envia-ao-stf-investigacao-sobre-compra-de-respiradores-pelo-consorcio-nordeste","status":"publish","type":"post","link":"https:\/\/aprimora.site\/carvalhoalmeidaadvogados\/2023\/04\/18\/vice-presidente-envia-ao-stf-investigacao-sobre-compra-de-respiradores-pelo-consorcio-nordeste\/","title":{"rendered":"Vice-presidente envia ao STF investiga\u00e7\u00e3o sobre compra de respiradores pelo Cons\u00f3rcio Nordeste"},"content":{"rendered":"<p>O vice-presidente do Superior Tribunal de Justi\u00e7a (STJ), ministro Og Fernandes, encaminhou ao Supremo Tribunal Federal (STF) o inqu\u00e9rito sigiloso instaurado para investigar poss\u00edveis crimes na contrata\u00e7\u00e3o direta, pelo Cons\u00f3rcio Interestadual de Desenvolvimento Sustent\u00e1vel do Nordeste (Cons\u00f3rcio Nordeste), de uma empresa supostamente sem qualifica\u00e7\u00e3o t\u00e9cnica para fornecer 300 ventiladores hospitalares que auxiliariam no combate \u00e0 pandemia da Covid-19, no valor de R$ 49,5 milh\u00f5es.<\/p>\n<p>No \u00e2mbito do STJ \u2013 em raz\u00e3o da exist\u00eancia, \u00e0 \u00e9poca, de autoridade com foro por prerrogativa de fun\u00e7\u00e3o \u2013, foram deferidas medidas cautelares para aprofundamento das investiga\u00e7\u00f5es em curso, como quebra de sigilo banc\u00e1rio e telef\u00f4nico\/telem\u00e1tico, al\u00e9m de dilig\u00eancias de busca e apreens\u00e3o.<\/p>\n<h2><em>Leia tamb\u00e9m: <\/em><a href=\"https:\/\/www.stj.jus.br\/sites\/portalp\/Paginas\/Comunicacao\/Noticias\/26042022-Ministro-determina-aprofundamento-da-investigacao-sobre-compra-de-respiradores-pelo-Consorcio-Nordeste.aspx\"><em>Ministro determina aprofundamento da investiga\u00e7\u00e3o sobre compra de respiradores pelo Cons\u00f3rcio Nordeste<\/em><\/a><\/h2>\n<p>O ministro Og Fernandes observou que est\u00e3o pendentes a an\u00e1lise do material apreendido e o relat\u00f3rio policial sobre as provas reunidas na Opera\u00e7\u00e3o Ragnarok. A Pol\u00edcia Federal solicitou mais prazo para elabora\u00e7\u00e3o do relat\u00f3rio conclusivo. <\/p>\n<p>Ocorre que, conforme apontado pelo Minist\u00e9rio P\u00fablico Federal (MPF), n\u00e3o h\u00e1 mais compet\u00eancia do STJ para o inqu\u00e9rito, por n\u00e3o haver, atualmente, nenhum investigado com foro por prerrogativa de fun\u00e7\u00e3o nesse tribunal. <\/p>\n<p>O ministro concluiu que o inqu\u00e9rito deve ser enviado ao STF para que aquela corte avalie a exist\u00eancia, entre as pessoas investigadas, de autoridade com foro por prerrogativa de fun\u00e7\u00e3o que determine a sua pr\u00f3pria compet\u00eancia, \u00e0 luz do que foi decidido na <a href=\"https:\/\/portal.stf.jus.br\/processos\/detalhe.asp?incidente=4776682\" target=\"_blank\" rel=\"noopener\"><strong>Quest\u00e3o de Ordem na APn 937<\/strong><\/a>. <\/p>\n<p><em>O n\u00famero deste processo n\u00e3o \u00e9 divulgado em raz\u00e3o de segredo judicial.<\/em><\/p>","protected":false},"excerpt":{"rendered":"<p>O vice-presidente do Superior Tribunal de Justi\u00e7a (STJ), ministro Og Fernandes, encaminhou ao Supremo Tribunal Federal (STF) o inqu\u00e9rito sigiloso instaurado para investigar poss\u00edveis crimes na contrata\u00e7\u00e3o direta, pelo Cons\u00f3rcio Interestadual de Desenvolvimento Sustent\u00e1vel do Nordeste (Cons\u00f3rcio Nordeste), de uma empresa supostamente sem qualifica\u00e7\u00e3o t\u00e9cnica para fornecer 300 ventiladores hospitalares que auxiliariam no combate \u00e0 [&hellip;]<\/p>\n","protected":false},"author":2,"featured_media":0,"comment_status":"open","ping_status":"open","sticky":false,"template":"","format":"standard","meta":[],"categories":[1],"tags":[],"_links":{"self":[{"href":"https:\/\/aprimora.site\/carvalhoalmeidaadvogados\/wp-json\/wp\/v2\/posts\/3669"}],"collection":[{"href":"https:\/\/aprimora.site\/carvalhoalmeidaadvogados\/wp-json\/wp\/v2\/posts"}],"about":[{"href":"https:\/\/aprimora.site\/carvalhoalmeidaadvogados\/wp-json\/wp\/v2\/types\/post"}],"author":[{"embeddable":true,"href":"https:\/\/aprimora.site\/carvalhoalmeidaadvogados\/wp-json\/wp\/v2\/users\/2"}],"replies":[{"embeddable":true,"href":"https:\/\/aprimora.site\/carvalhoalmeidaadvogados\/wp-json\/wp\/v2\/comments?post=3669"}],"version-history":[{"count":0,"href":"https:\/\/aprimora.site\/carvalhoalmeidaadvogados\/wp-json\/wp\/v2\/posts\/3669\/revisions"}],"wp:attachment":[{"href":"https:\/\/aprimora.site\/carvalhoalmeidaadvogados\/wp-json\/wp\/v2\/media?parent=3669"}],"wp:term":[{"taxonomy":"category","embeddable":true,"href":"https:\/\/aprimora.site\/carvalhoalmeidaadvogados\/wp-json\/wp\/v2\/categories?post=3669"},{"taxonomy":"post_tag","embeddable":true,"href":"https:\/\/aprimora.site\/carvalhoalmeidaadvogados\/wp-json\/wp\/v2\/tags?post=3669"}],"curies":[{"name":"wp","href":"https:\/\/api.w.org\/{rel}","templated":true}]}}