{"id":22539,"date":"2026-05-02T04:58:54","date_gmt":"2026-05-02T07:58:54","guid":{"rendered":"https:\/\/aprimora.site\/carvalhoalmeidaadvogados\/2026\/05\/02\/o-futuro-da-mobilidade-sera-definido-pela-geografia\/"},"modified":"2026-05-02T04:58:54","modified_gmt":"2026-05-02T07:58:54","slug":"o-futuro-da-mobilidade-sera-definido-pela-geografia","status":"publish","type":"post","link":"https:\/\/aprimora.site\/carvalhoalmeidaadvogados\/2026\/05\/02\/o-futuro-da-mobilidade-sera-definido-pela-geografia\/","title":{"rendered":"O futuro da mobilidade ser\u00e1 definido pela geografia"},"content":{"rendered":"<p><span>O debate global sobre o setor automotivo tem se centrado na tecnologia. El\u00e9trico ou h\u00edbrido? Bateria ou combust\u00edvel? Conversa importante, mas insuficiente. A grande quest\u00e3o n\u00e3o deveria ser sobre qual tecnologia vencer\u00e1. Mas onde elas podem coexistir, escalar e fazer sentido econ\u00f4mico.\u00a0<\/span><\/p>\n<p><span>A ind\u00fastria automotiva passa por uma recalibra\u00e7\u00e3o estrutural.\u00a0\u00a0Montadoras reduzem CAPEX, revisam portf\u00f3lios e refor\u00e7am a disciplina financeira, em um contexto de fragmenta\u00e7\u00e3o pela qual o mundo passa. Os Estados Unidos adotam medidas mais protecionistas e diminuem subs\u00eddios, a Europa endurece as regras de emiss\u00f5es e a China avan\u00e7a com escala, pre\u00e7os e presen\u00e7a internacional.\u00a0<\/span><\/p>\n<p class=\"jota-cta\"><a href=\"https:\/\/conteudo.jota.info\/marketing-lp-newsletter-ultimas-noticias?utm_source=jota&amp;utm_medium=lp&amp;utm_campaign=23-09-2024-jota-lp-eleicoes-2024-eleicoes-2024-none-audiencias-none&amp;utm_content=eleicoes-2024&amp;utm_term=none\"><span>Assine gratuitamente a newsletter \u00daltimas Not\u00edcias do <span class=\"jota\">JOTA<\/span> e receba as principais not\u00edcias jur\u00eddicas e pol\u00edticas do dia no seu email<\/span><\/a><\/p>\n<p><span>O resultado \u00e9 um setor mais multipolar, assim\u00e9trico e fortemente influenciado por geopol\u00edtica, energia e pol\u00edtica industrial.\u00a0Nesse ambiente, o Brasil re\u00fane uma combina\u00e7\u00e3o \u00fanica de fatores que o posicionam em destaque.\u00a0<\/span><\/p>\n<p><span>Comecemos pela energia, um clich\u00ea exc\u00eantrico frequentemente ignorado. Enquanto grandes economias lutam para limpar suas redes, cerca de 87% da nossa eletricidade vem de fontes renov\u00e1veis. A diferen\u00e7a \u00e9 matem\u00e1tica: carregar um ve\u00edculo el\u00e9trico no Brasil emite algo em torno de 60 kg de CO\u2082 por megawatt-hora, ou seja, sete vezes menos CO\u2082 do que para carregar o mesmo carro nos EUA, que emite cerca de 400, e quase onze vezes menos do que carregar esse carro na China, que emite 650.\u00a0\u00a0Essa realidade altera a equa\u00e7\u00e3o da eletrifica\u00e7\u00e3o. Em solo brasileiro, um carro el\u00e9trico\u00a0\u00e9, por defini\u00e7\u00e3o, mais limpo porque n\u00e3o carregamos o peso do carbono que muitos pa\u00edses ainda entregam direto na tomada.\u00a0<\/span><\/p>\n<p><span>O segundo vetor \u00e9 estrutural. O Brasil re\u00fane ativos cr\u00edticos para a transi\u00e7\u00e3o energ\u00e9tica. L\u00edtio, grafite, mangan\u00eas, ferro e um potencial consider\u00e1vel em terras raras. Se o s\u00e9culo passado foi definido pelo petr\u00f3leo, o atual come\u00e7a a ser moldado por quem tem acesso \u00e0 energia limpa e controlam minerais cr\u00edticos.\u00a0\u00a0Com isso, deixamos de ser apenas um grande mercado consumidor, para a integrar a base produtiva dessa transforma\u00e7\u00e3o em curso.\u00a0<\/span><\/p>\n<p><span>H\u00e1 ainda um terceiro fator menos vis\u00edvel, mas cada vez mais relevante: a seguran\u00e7a log\u00edstica. Em um mundo repleto de tens\u00f5es comerciais, tarifas e amea\u00e7as a rotas estrat\u00e9gicas, a localiza\u00e7\u00e3o geogr\u00e1fica da produ\u00e7\u00e3o voltou a importar. Nesse aspecto, mais uma vez, o Brasil opera com vantagem objetiva: menor exposi\u00e7\u00e3o a gargalos geopol\u00edticos.\u00a0\u00a0<\/span><\/p>\n<p><span>Mas, talvez, o diferencial mais sofisticado \u2013 e at\u00e9 subestimado \u2013 nesse debate seja outro. O Brasil \u00e9 um dos poucos grandes mercados onde m\u00faltiplas rotas tecnol\u00f3gicas podem coexistir com racionalidade econ\u00f4mica. \u00a0El\u00e9tricos, h\u00edbridos, h\u00edbridos flex, h\u00edbridos plug-in e biocombust\u00edveis funcionam todos ao mesmo tempo. Cada tecnologia encontra seu espa\u00e7o, cada p\u00fablico sua escolha. Sem brigas e com pre\u00e7os cada vez mais competitivos.\u00a0\u00a0Enquanto parte do mundo \u00e9 for\u00e7ada a uma \u00fanica escolha, o Brasil permite combina\u00e7\u00e3o e adapta\u00e7\u00e3o de v\u00e1rias delas. E isso torna o Pa\u00eds um ambiente natural para experimenta\u00e7\u00e3o e escala.\u00a0<\/span><\/p>\n<p><span>Mesmo reconhecendo a lideran\u00e7a em escala, custo e velocidade da China, que agora exporta com vigor, impulsionada por excesso de capacidade dom\u00e9stica e uma estrat\u00e9gia industrial altamente eficiente e de longo prazo, n\u00e3o d\u00e1 para negar que a l\u00f3gica competitiva mudou.\u00a0<\/span><\/p>\n<p><span>A disputa n\u00e3o \u00e9 mais produto contra produto. \u00c9 ecossistema contra ecossistema. Cadeia de suprimentos, infraestrutura, presen\u00e7a no n\u00edvel local, regulamenta\u00e7\u00e3o e disciplina de capital agora determinam quem avan\u00e7a. Isso d\u00e1 vantagem relevante \u00e0s empresas com presen\u00e7a global diversificada, dom\u00ednio tecnol\u00f3gico diverso, que podem operar em v\u00e1rios sistemas ao mesmo tempo.<\/span><\/p>\n<p><span>O futuro da mobilidade, portanto, n\u00e3o ser\u00e1 definido apenas por tecnologia. Ser\u00e1 definido pela capacidade de integrar energia, minerais estrat\u00e9gicos, ind\u00fastria, geopol\u00edtica e economia de maneira coerente, interdependente e conectada. E, sob essa l\u00f3gica, o Brasil n\u00e3o precisa correr atr\u00e1s desse futuro. N\u00f3s j\u00e1 reunimos muitos dos elementos que v\u00e3o ajudar a mold\u00e1-lo.\u00a0\u00a0<\/span><\/p>\n<p><span>Nossa miss\u00e3o agora \u00e9 n\u00e3o desperdi\u00e7ar isso. Precisamos avan\u00e7ar em marcos regulat\u00f3rios (terras raras, pol\u00edticas de promo\u00e7\u00e3o da produ\u00e7\u00e3o nacional); concluir e fortalecer acordos comerciais, promover o Brasil como hub de produ\u00e7\u00e3o, consumo e exporta\u00e7\u00e3o em escala de m\u00faltiplas tecnologias e, n\u00e3o menos importante, parar de tratar mobilidade como assunto de montadora. O futuro da mobilidade como um elemento chave da descarboniza\u00e7\u00e3o do planeta \u00e9 assunto de Pa\u00eds.\u00a0<\/span><\/p>\n<p class=\"jota-cta\"><a href=\"https:\/\/whatsapp.com\/channel\/0029VaFvFd73rZZflK7yGD0I\">Inscreva-se no canal de not\u00edcias do <span class=\"jota\">JOTA<\/span> no WhatsApp e fique por dentro das principais discuss\u00f5es do pa\u00eds!<\/a><\/p>\n<p><span>Esses temas merecem estar no centro das agendas de governo. E deveriam constar nos programas de qualquer candidato a cargo majorit\u00e1rio.\u00a0<\/span><\/p>\n<p><span>Geografia voltou a importar. E, nesse cen\u00e1rio, al\u00e9m de ser \u201caben\u00e7oado por Deus e bonito por natureza\u201d, o Brasil re\u00fane as principais caracter\u00edsticas para se catapultar como um dos grandes destinos de investimentos nas tecnologias de mobilidade. \u00a0A quest\u00e3o aqui n\u00e3o \u00e9 se o investimento bater\u00e1 \u00e0 nossa porta. \u00c9 se a porta estar\u00e1 aberta quando chegar, ou se ainda estaremos procurando a chave.<\/span><\/p>","protected":false},"excerpt":{"rendered":"<p>O debate global sobre o setor automotivo tem se centrado na tecnologia. El\u00e9trico ou h\u00edbrido? Bateria ou combust\u00edvel? Conversa importante, mas insuficiente. A grande quest\u00e3o n\u00e3o deveria ser sobre qual tecnologia vencer\u00e1. Mas onde elas podem coexistir, escalar e fazer sentido econ\u00f4mico.\u00a0 A ind\u00fastria automotiva passa por uma recalibra\u00e7\u00e3o estrutural.\u00a0\u00a0Montadoras reduzem CAPEX, revisam portf\u00f3lios e [&hellip;]<\/p>\n","protected":false},"author":0,"featured_media":0,"comment_status":"open","ping_status":"open","sticky":false,"template":"","format":"standard","meta":[],"categories":[1],"tags":[],"_links":{"self":[{"href":"https:\/\/aprimora.site\/carvalhoalmeidaadvogados\/wp-json\/wp\/v2\/posts\/22539"}],"collection":[{"href":"https:\/\/aprimora.site\/carvalhoalmeidaadvogados\/wp-json\/wp\/v2\/posts"}],"about":[{"href":"https:\/\/aprimora.site\/carvalhoalmeidaadvogados\/wp-json\/wp\/v2\/types\/post"}],"replies":[{"embeddable":true,"href":"https:\/\/aprimora.site\/carvalhoalmeidaadvogados\/wp-json\/wp\/v2\/comments?post=22539"}],"version-history":[{"count":0,"href":"https:\/\/aprimora.site\/carvalhoalmeidaadvogados\/wp-json\/wp\/v2\/posts\/22539\/revisions"}],"wp:attachment":[{"href":"https:\/\/aprimora.site\/carvalhoalmeidaadvogados\/wp-json\/wp\/v2\/media?parent=22539"}],"wp:term":[{"taxonomy":"category","embeddable":true,"href":"https:\/\/aprimora.site\/carvalhoalmeidaadvogados\/wp-json\/wp\/v2\/categories?post=22539"},{"taxonomy":"post_tag","embeddable":true,"href":"https:\/\/aprimora.site\/carvalhoalmeidaadvogados\/wp-json\/wp\/v2\/tags?post=22539"}],"curies":[{"name":"wp","href":"https:\/\/api.w.org\/{rel}","templated":true}]}}