{"id":22537,"date":"2026-05-01T15:58:20","date_gmt":"2026-05-01T18:58:20","guid":{"rendered":"https:\/\/aprimora.site\/carvalhoalmeidaadvogados\/2026\/05\/01\/a-democracia-e-um-direito-humano\/"},"modified":"2026-05-01T15:58:20","modified_gmt":"2026-05-01T18:58:20","slug":"a-democracia-e-um-direito-humano","status":"publish","type":"post","link":"https:\/\/aprimora.site\/carvalhoalmeidaadvogados\/2026\/05\/01\/a-democracia-e-um-direito-humano\/","title":{"rendered":"A democracia \u00e9 um direito humano?"},"content":{"rendered":"<p><span>A democracia \u00e9 apenas um meio para garantir direitos humanos ou tamb\u00e9m \u00e9, ela pr\u00f3pria, um direito protegido pelo direito internacional? Essa \u00e9 a pergunta que a Guatemala levou \u00e0 Corte Interamericana de Direitos Humanos, em 2024, por meio de um pedido de Opini\u00e3o Consultiva, que pode ter consequ\u00eancias importantes para o futuro institucional de toda a regi\u00e3o.<\/span><\/p>\n<p><span>Em mar\u00e7o, o Brasil sediou, no Supremo Tribunal Federal, em Bras\u00edlia, as audi\u00eancias p\u00fablicas sobre esse pedido. As discuss\u00f5es mostraram falta de consenso. Entre os Estados presentes, apenas um sustentou que a Corte n\u00e3o deveria analisar o pedido, sob o argumento de que a democracia n\u00e3o estaria em sua compet\u00eancia. Brasil, Paraguai, Uruguai e M\u00e9xico reconheceram o v\u00ednculo entre democracia e direitos humanos, mas n\u00e3o como um direito aut\u00f4nomo.<\/span><\/p>\n<p class=\"jota-cta\"><a href=\"https:\/\/conteudo.jota.info\/marketing-lp-newsletter-ultimas-noticias?utm_source=jota&amp;utm_medium=lp&amp;utm_campaign=23-09-2024-jota-lp-eleicoes-2024-eleicoes-2024-none-audiencias-none&amp;utm_content=eleicoes-2024&amp;utm_term=none\"><span>Assine gratuitamente a newsletter \u00daltimas Not\u00edcias do <span class=\"jota\">JOTA<\/span> e receba as principais not\u00edcias jur\u00eddicas e pol\u00edticas do dia no seu email<\/span><\/a><\/p>\n<p><span>A iniciativa da Guatemala n\u00e3o surgiu no vazio. O pr\u00f3prio Procurador-<\/span><span>\u00a0<\/span><span>Geral da Rep\u00fablica guatemalteco\u00a0mencionou em seu discurso na abertura das audi\u00eancias, que o seu pa\u00eds conhece, talvez como poucos na regi\u00e3o, o custo da fragilidade institucional e da instrumentaliza\u00e7\u00e3o do sistema de justi\u00e7a.<\/span><\/p>\n<p><span>Nos \u00faltimos anos, organismos internacionais alertaram para riscos \u00e0 independ\u00eancia institucional da Guatemala e ao uso do sistema penal e judicial em contextos politicamente sens\u00edveis, inclusive eleitorais. Em 2015, a revela\u00e7\u00e3o de uma rede de corrup\u00e7\u00e3o com altos funcion\u00e1rios do governo evidenciou a vulnerabilidade das institui\u00e7\u00f5es democr\u00e1ticas e como a captura do Estado pode comprometer a democracia e a garantia de direitos.<\/span><\/p>\n<p><span>A distin\u00e7\u00e3o colocada pela Guatemala diante da Corte n\u00e3o \u00e9 apenas te\u00f3rica. Se a democracia for considerada apenas um meio para garantir direitos humanos, ela continuar\u00e1 sendo um princ\u00edpio pol\u00edtico e institucional que orienta a prote\u00e7\u00e3o de outros direitos, como liberdade de express\u00e3o, direitos pol\u00edticos e independ\u00eancia judicial.<\/span><\/p>\n<p><span>No entanto, se reconhecida como direito protegido pelo direito internacional dos direitos humanos, os Estados ter\u00e3o obriga\u00e7\u00f5es jur\u00eddicas espec\u00edficas de proteger a ordem democr\u00e1tica e suas institui\u00e7\u00f5es, e o enfraquecimento deliberado destas poder\u00e1 constituir uma viola\u00e7\u00e3o de direitos humanos. Trata-se de saber se a democracia \u00e9 apenas um princ\u00edpio ou se constitui uma obriga\u00e7\u00e3o jur\u00eddica internacional.<\/span><\/p>\n<p><span>Durante os debates nas audi\u00eancias p\u00fablicas em Bras\u00edlia, foi lembrada a frase do ex-presidente argentino Ra\u00fal Alfons\u00edn, pronunciada durante a redemocratiza\u00e7\u00e3o: \u201cCom a democracia se come, se cura e se educa\u201d. A declara\u00e7\u00e3o continua atual porque lembra algo essencial: a democracia n\u00e3o \u00e9 apenas um sistema eleitoral ou um mecanismo para escolher governantes, mas a condi\u00e7\u00e3o que permite que direitos existam na pr\u00e1tica. Sem democracia, os direitos humanos se tornam promessas, leis sem aplica\u00e7\u00e3o e institui\u00e7\u00f5es sem legitimidade.<\/span><\/p>\n<p class=\"jota-cta\"><a href=\"https:\/\/whatsapp.com\/channel\/0029VaFvFd73rZZflK7yGD0I\">Inscreva-se no canal de not\u00edcias do <span class=\"jota\">JOTA<\/span> no WhatsApp e fique por dentro das principais discuss\u00f5es do pa\u00eds!<\/a><\/p>\n<p><span>Uma Opini\u00e3o Consultiva da Corte Interamericana pode orientar os Estados a proteger institui\u00e7\u00f5es democr\u00e1ticas, garantir elei\u00e7\u00f5es livres e justas, assegurar a independ\u00eancia judicial, proteger a liberdade de express\u00e3o e a participa\u00e7\u00e3o pol\u00edtica, incluindo a promo\u00e7\u00e3o da igualdade e paridade na representa\u00e7\u00e3o pol\u00edtica, e evitar o uso do Estado para perseguir opositores ou restringir o espa\u00e7o c\u00edvico.<\/span><\/p>\n<p><span>Em um contexto regional de eros\u00e3o democr\u00e1tica gradual e de crescente polariza\u00e7\u00e3o pol\u00edtica, essa tarefa representa um enorme desafio para a pr\u00f3pria Corte Interamericana, que ter\u00e1 de definir par\u00e2metros jur\u00eddicos sobre democracia em um cen\u00e1rio pol\u00edtico complexo e em constante transforma\u00e7\u00e3o.<\/span><\/p>","protected":false},"excerpt":{"rendered":"<p>A democracia \u00e9 apenas um meio para garantir direitos humanos ou tamb\u00e9m \u00e9, ela pr\u00f3pria, um direito protegido pelo direito internacional? Essa \u00e9 a pergunta que a Guatemala levou \u00e0 Corte Interamericana de Direitos Humanos, em 2024, por meio de um pedido de Opini\u00e3o Consultiva, que pode ter consequ\u00eancias importantes para o futuro institucional de [&hellip;]<\/p>\n","protected":false},"author":0,"featured_media":0,"comment_status":"open","ping_status":"open","sticky":false,"template":"","format":"standard","meta":[],"categories":[1],"tags":[],"_links":{"self":[{"href":"https:\/\/aprimora.site\/carvalhoalmeidaadvogados\/wp-json\/wp\/v2\/posts\/22537"}],"collection":[{"href":"https:\/\/aprimora.site\/carvalhoalmeidaadvogados\/wp-json\/wp\/v2\/posts"}],"about":[{"href":"https:\/\/aprimora.site\/carvalhoalmeidaadvogados\/wp-json\/wp\/v2\/types\/post"}],"replies":[{"embeddable":true,"href":"https:\/\/aprimora.site\/carvalhoalmeidaadvogados\/wp-json\/wp\/v2\/comments?post=22537"}],"version-history":[{"count":0,"href":"https:\/\/aprimora.site\/carvalhoalmeidaadvogados\/wp-json\/wp\/v2\/posts\/22537\/revisions"}],"wp:attachment":[{"href":"https:\/\/aprimora.site\/carvalhoalmeidaadvogados\/wp-json\/wp\/v2\/media?parent=22537"}],"wp:term":[{"taxonomy":"category","embeddable":true,"href":"https:\/\/aprimora.site\/carvalhoalmeidaadvogados\/wp-json\/wp\/v2\/categories?post=22537"},{"taxonomy":"post_tag","embeddable":true,"href":"https:\/\/aprimora.site\/carvalhoalmeidaadvogados\/wp-json\/wp\/v2\/tags?post=22537"}],"curies":[{"name":"wp","href":"https:\/\/api.w.org\/{rel}","templated":true}]}}