{"id":22531,"date":"2026-05-01T08:59:07","date_gmt":"2026-05-01T11:59:07","guid":{"rendered":"https:\/\/aprimora.site\/carvalhoalmeidaadvogados\/2026\/05\/01\/podcast-stj-no-seu-dia-trata-da-distribuicao-de-superavit-em-previdencia-privada-complementar\/"},"modified":"2026-05-01T08:59:07","modified_gmt":"2026-05-01T11:59:07","slug":"podcast-stj-no-seu-dia-trata-da-distribuicao-de-superavit-em-previdencia-privada-complementar","status":"publish","type":"post","link":"https:\/\/aprimora.site\/carvalhoalmeidaadvogados\/2026\/05\/01\/podcast-stj-no-seu-dia-trata-da-distribuicao-de-superavit-em-previdencia-privada-complementar\/","title":{"rendered":"Podcast STJ No Seu Dia trata da distribui\u00e7\u00e3o de super\u00e1vit em previd\u00eancia privada complementar"},"content":{"rendered":"<p>Podcast STJ No Seu Dia trata da distribui\u00e7\u00e3o de super\u00e1vit em previd\u00eancia privada complementar<\/p>","protected":false},"excerpt":{"rendered":"<p>Podcast STJ No Seu Dia trata da distribui\u00e7\u00e3o de super\u00e1vit em previd\u00eancia privada complementar<\/p>\n","protected":false},"author":0,"featured_media":0,"comment_status":"open","ping_status":"open","sticky":false,"template":"","format":"standard","meta":[],"categories":[1],"tags":[],"_links":{"self":[{"href":"https:\/\/aprimora.site\/carvalhoalmeidaadvogados\/wp-json\/wp\/v2\/posts\/22531"}],"collection":[{"href":"https:\/\/aprimora.site\/carvalhoalmeidaadvogados\/wp-json\/wp\/v2\/posts"}],"about":[{"href":"https:\/\/aprimora.site\/carvalhoalmeidaadvogados\/wp-json\/wp\/v2\/types\/post"}],"replies":[{"embeddable":true,"href":"https:\/\/aprimora.site\/carvalhoalmeidaadvogados\/wp-json\/wp\/v2\/comments?post=22531"}],"version-history":[{"count":0,"href":"https:\/\/aprimora.site\/carvalhoalmeidaadvogados\/wp-json\/wp\/v2\/posts\/22531\/revisions"}],"wp:attachment":[{"href":"https:\/\/aprimora.site\/carvalhoalmeidaadvogados\/wp-json\/wp\/v2\/media?parent=22531"}],"wp:term":[{"taxonomy":"category","embeddable":true,"href":"https:\/\/aprimora.site\/carvalhoalmeidaadvogados\/wp-json\/wp\/v2\/categories?post=22531"},{"taxonomy":"post_tag","embeddable":true,"href":"https:\/\/aprimora.site\/carvalhoalmeidaadvogados\/wp-json\/wp\/v2\/tags?post=22531"}],"curies":[{"name":"wp","href":"https:\/\/api.w.org\/{rel}","templated":true}]}}