{"id":22526,"date":"2026-05-01T07:05:24","date_gmt":"2026-05-01T10:05:24","guid":{"rendered":"https:\/\/aprimora.site\/carvalhoalmeidaadvogados\/2026\/05\/01\/stf-decide-trabalho-em-plataformas-diante-do-fracasso-do-congresso\/"},"modified":"2026-05-01T07:05:24","modified_gmt":"2026-05-01T10:05:24","slug":"stf-decide-trabalho-em-plataformas-diante-do-fracasso-do-congresso","status":"publish","type":"post","link":"https:\/\/aprimora.site\/carvalhoalmeidaadvogados\/2026\/05\/01\/stf-decide-trabalho-em-plataformas-diante-do-fracasso-do-congresso\/","title":{"rendered":"STF decide trabalho em plataformas diante do fracasso do Congresso"},"content":{"rendered":"<p>Em abril de 2026, o debate sobre a regula\u00e7\u00e3o do trabalho em plataformas digitais no Brasil deixou de ser apenas controverso \u2014 tornou-se institucionalmente insol\u00favel no plano legislativo. A retirada de pauta do <a href=\"https:\/\/www.camara.leg.br\/proposicoesWeb\/fichadetramitacao?idProposicao=2537739\" target=\"_blank\" rel=\"noopener\">PL 152\/2025<\/a>, constru\u00eddo no \u00e2mbito de uma comiss\u00e3o especial da C\u00e2mara dos Deputados, n\u00e3o representa um rev\u00e9s pontual, mas a evid\u00eancia de um bloqueio estrutural no Congresso Nacional. Interesses econ\u00f4micos, demandas sociais e estrat\u00e9gias governamentais j\u00e1 n\u00e3o se equilibram; anulam-se.<\/p>\n<p>Diante dessa incapacidade estrutural de decis\u00e3o, o conflito se desloca para o Supremo Tribunal Federal. O resultado \u00e9 a retomada do julgamento do Tema 1291 de repercuss\u00e3o geral no STF, que dever\u00e1 fixar par\u00e2metros constitucionais para a delimita\u00e7\u00e3o das rela\u00e7\u00f5es de trabalho mediadas por plataformas digitais, enfrentando diretamente a tens\u00e3o entre autonomia formal e subordina\u00e7\u00e3o material<\/p>\n<p><a href=\"https:\/\/conteudo.jota.info\/marketing-lp-conversao-jota-pro-trabalhista?utm_source=site&amp;utm_medium=lp&amp;utm_campaign=11-03-2025-site-lp-cta-pro-trabalhista-lead-site-audiencias-trabalhista&amp;utm_content=site-lp-cta-pro-trabalhista-lead-site-trabalhista&amp;utm_term=audiencias\">Conhe\u00e7a o <span class=\"jota\">JOTA<\/span> PRO Trabalhista, solu\u00e7\u00e3o corporativa que antecipa as movimenta\u00e7\u00f5es trabalhistas no Judici\u00e1rio, Legislativo e Executivo<\/a><\/p>\n<p>Mas o que est\u00e1 em jogo agora n\u00e3o \u00e9 apenas mais um ciclo de judicializa\u00e7\u00e3o do tema. Ele coloca em disputa o pr\u00f3prio conceito de trabalho protegido no s\u00e9culo XXI.<\/p>\n<h2>A crise da pejotiza\u00e7\u00e3o e a redefini\u00e7\u00e3o do v\u00ednculo no Tema 1291<\/h2>\n<p>A recente trajet\u00f3ria da jurisprud\u00eancia do STF aponta para uma tend\u00eancia de amplia\u00e7\u00e3o dos espa\u00e7os de autonomia contratual. A chamada \u201cpejotiza\u00e7\u00e3o\u201d foi progressivamente normalizada como forma leg\u00edtima de organiza\u00e7\u00e3o produtiva, sob o argumento da liberdade econ\u00f4mica e da inova\u00e7\u00e3o.<\/p>\n<p>Esse quadro, no entanto, entra em crise diante da materialidade do trabalho em plataformas. A autonomia proclamada pelas empresas revela-se frequentemente aparente, encobrindo formas intensas de controle t\u00e9cnico e depend\u00eancia econ\u00f4mica. O Tema 1291 n\u00e3o impacta apenas motoristas ou entregadores, mas as mais diversas formas de trabalho por plataformas digitais.<\/p>\n<p>O julgamento do Tema 1291 assume, portanto, uma fun\u00e7\u00e3o de uniformiza\u00e7\u00e3o jurisprudencial urgente. Para al\u00e9m do m\u00e9rito da rela\u00e7\u00e3o de emprego, o Plen\u00e1rio \u00e9 instado a delimitar o cabimento das reclama\u00e7\u00f5es constitucionais neste cen\u00e1rio. Nos \u00faltimos anos, consolidou-se um impasse processual: enquanto a Justi\u00e7a do Trabalho reafirma sua compet\u00eancia para analisar a subordina\u00e7\u00e3o real, o uso expansivo da reclama\u00e7\u00e3o tem servido para cassar tais decis\u00f5es com base em precedentes de terceiriza\u00e7\u00e3o (como a ADPF 324), cujo contexto f\u00e1tico \u00e9 distinto. O STF precisa, agora, definir se a reclama\u00e7\u00e3o pode transmutar-se em suced\u00e2neo recursal para reexame de fatos e provas ou se deve ser preservada sua natureza estrita.<\/p>\n<p><strong>A OIT e a forma\u00e7\u00e3o de um padr\u00e3o normativo internacional<\/strong><\/p>\n<p>Esse debate n\u00e3o ocorre em isolamento. No \u00e2mbito da Organiza\u00e7\u00e3o Internacional do Trabalho (OIT), encontra-se em curso um processo normativo voltado \u00e0 regula\u00e7\u00e3o do trabalho em plataformas digitais. Trata-se de um instrumento ainda em negocia\u00e7\u00e3o, cujo texto-base foi consolidado em 2026 e ser\u00e1 submetido \u00e0 segunda discuss\u00e3o na Confer\u00eancia Internacional do Trabalho, em junho de 2026.<\/p>\n<p>A proposta da OIT n\u00e3o \u00e9 de uma recomenda\u00e7\u00e3o gen\u00e9rica. O que se prop\u00f5e \u00e9 a forma\u00e7\u00e3o de um padr\u00e3o normativo internacional com potencial de influenciar diretamente os par\u00e2metros de validade das solu\u00e7\u00f5es nacionais. A soberania regulat\u00f3ria, nesse campo, n\u00e3o desaparece, mas passa a operar dentro de um espa\u00e7o normativo progressivamente estruturado.<\/p>\n<p>Esse movimento reduz o espa\u00e7o de indetermina\u00e7\u00e3o conceitual que historicamente sustentou a expans\u00e3o de arranjos contratuais baseados em autonomia apenas formal.<\/p>\n<p>Se esse standard emergente vier a atribuir relev\u00e2ncia jur\u00eddica ao controle algor\u00edtmico na delimita\u00e7\u00e3o das rela\u00e7\u00f5es de trabalho, reduzir-se-\u00e1 significativamente o espa\u00e7o para que ordenamentos nacionais validem arranjos contratuais baseados em autonomia apenas formal.<\/p>\n<h2>A diretiva europeia e a juridifica\u00e7\u00e3o do controle algor\u00edtmico<\/h2>\n<p>A experi\u00eancia da Uni\u00e3o Europeia antecipou esse movimento. A diretiva sobre trabalho em plataformas digitais, adotada em 2024 e atualmente em fase de implementa\u00e7\u00e3o, representa o modelo mais avan\u00e7ado de regula\u00e7\u00e3o da economia digital.<\/p>\n<p>Seu desenho normativo \u00e9 estruturado.<\/p>\n<p>Primeiro, institui uma presun\u00e7\u00e3o relativa de rela\u00e7\u00e3o de emprego, baseada em ind\u00edcios concretos de controle, como defini\u00e7\u00e3o de remunera\u00e7\u00e3o, monitoramento do desempenho e limita\u00e7\u00e3o da autonomia. O \u00f4nus da prova \u00e9 invertido e cabe \u00e0 plataforma demonstrar que n\u00e3o h\u00e1 v\u00ednculo.<\/p>\n<p>Segundo, transforma a gest\u00e3o algor\u00edtmica em objeto jur\u00eddico, impondo deveres de transpar\u00eancia, direito \u00e0 explica\u00e7\u00e3o e revis\u00e3o humana de decis\u00f5es automatizadas.<\/p>\n<p>Terceiro, estabelece limites ao poder de vigil\u00e2ncia digital, protegendo dados pessoais e restringindo o uso de informa\u00e7\u00f5es sens\u00edveis.<\/p>\n<p>O que est\u00e1 em jogo n\u00e3o \u00e9 apenas uma nova regula\u00e7\u00e3o, mas uma mudan\u00e7a de paradigma. O foco deixa de ser a forma contratual e passa a ser a estrutura real de poder que organiza o trabalho. Com isso, parte da premissa de que a subordina\u00e7\u00e3o n\u00e3o desaparece, mas se reconfigura.<\/p>\n<h2>O risco de dissocia\u00e7\u00e3o entre direito interno e padr\u00f5es internacionais<\/h2>\n<p>\u00c9 nesse cen\u00e1rio que o Brasil se encontra tensionado. Enquanto padr\u00f5es internacionais avan\u00e7am na reconstru\u00e7\u00e3o da prote\u00e7\u00e3o trabalhista para os trabalhadores em plataformas, parte da jurisprud\u00eancia recente do STF ainda privilegia uma leitura centrada na autonomia formal e na livre iniciativa.<\/p>\n<p>O risco \u00e9 de forma\u00e7\u00e3o de uma dissocia\u00e7\u00e3o entre o direito interno e os padr\u00f5es internacionais emergentes. Negar o v\u00ednculo de emprego em contextos de controle algor\u00edtmico intensivo n\u00e3o \u00e9 uma simples escolha interpretativa; \u00e9 a valida\u00e7\u00e3o de um modelo que transfere integralmente os riscos ao trabalhador, sem a contrapartida da autonomia real. Trata-se de um dumping social tecnol\u00f3gico, onde a inova\u00e7\u00e3o \u00e9 utilizada para contornar o patamar civilizat\u00f3rio de direitos sociais, criando uma vantagem competitiva esp\u00faria baseada na precariza\u00e7\u00e3o.<\/p>\n<p>\u00c0s v\u00e9speras da Confer\u00eancia Internacional do Trabalho de 2026, o STF tem a oportunidade de alinhar o Brasil ao padr\u00e3o normativo global que reconhece a insufici\u00eancia da autonomia formal diante do poder algor\u00edtmico. A subordina\u00e7\u00e3o algor\u00edtmica n\u00e3o \u00e9 mais hip\u00f3tese te\u00f3rica; \u00e9 um fen\u00f4meno empiricamente verific\u00e1vel e juridicamente relevante. Ignor\u00e1-la significa tornar o Direito do Trabalho irrelevante para uma parcela crescente da for\u00e7a de trabalho. Reconhec\u00ea-la implica atualizar seus fundamentos hist\u00f3ricos e reafirmar que a inova\u00e7\u00e3o tecnol\u00f3gica n\u00e3o \u00e9 um salvo-conduto para a exclus\u00e3o social, mas um campo que exige a prote\u00e7\u00e3o da dignidade de quem trabalha.<\/p>\n<p>O impasse de 2026 n\u00e3o encerra o debate. Ele marca o fim de um ciclo de evas\u00e3o regulat\u00f3ria. A partir deste ponto, regular as plataformas n\u00e3o \u00e9 mais o \u00fanico desafio. \u00a0Passa a ser a reconstru\u00e7\u00e3o, em bases contempor\u00e2neas, da pr\u00f3pria ideia de trabalho juridicamente protegido.<\/p>","protected":false},"excerpt":{"rendered":"<p>Em abril de 2026, o debate sobre a regula\u00e7\u00e3o do trabalho em plataformas digitais no Brasil deixou de ser apenas controverso \u2014 tornou-se institucionalmente insol\u00favel no plano legislativo. A retirada de pauta do PL 152\/2025, constru\u00eddo no \u00e2mbito de uma comiss\u00e3o especial da C\u00e2mara dos Deputados, n\u00e3o representa um rev\u00e9s pontual, mas a evid\u00eancia de [&hellip;]<\/p>\n","protected":false},"author":0,"featured_media":0,"comment_status":"open","ping_status":"open","sticky":false,"template":"","format":"standard","meta":[],"categories":[1],"tags":[],"_links":{"self":[{"href":"https:\/\/aprimora.site\/carvalhoalmeidaadvogados\/wp-json\/wp\/v2\/posts\/22526"}],"collection":[{"href":"https:\/\/aprimora.site\/carvalhoalmeidaadvogados\/wp-json\/wp\/v2\/posts"}],"about":[{"href":"https:\/\/aprimora.site\/carvalhoalmeidaadvogados\/wp-json\/wp\/v2\/types\/post"}],"replies":[{"embeddable":true,"href":"https:\/\/aprimora.site\/carvalhoalmeidaadvogados\/wp-json\/wp\/v2\/comments?post=22526"}],"version-history":[{"count":0,"href":"https:\/\/aprimora.site\/carvalhoalmeidaadvogados\/wp-json\/wp\/v2\/posts\/22526\/revisions"}],"wp:attachment":[{"href":"https:\/\/aprimora.site\/carvalhoalmeidaadvogados\/wp-json\/wp\/v2\/media?parent=22526"}],"wp:term":[{"taxonomy":"category","embeddable":true,"href":"https:\/\/aprimora.site\/carvalhoalmeidaadvogados\/wp-json\/wp\/v2\/categories?post=22526"},{"taxonomy":"post_tag","embeddable":true,"href":"https:\/\/aprimora.site\/carvalhoalmeidaadvogados\/wp-json\/wp\/v2\/tags?post=22526"}],"curies":[{"name":"wp","href":"https:\/\/api.w.org\/{rel}","templated":true}]}}