{"id":22521,"date":"2026-04-30T21:36:46","date_gmt":"2026-05-01T00:36:46","guid":{"rendered":"https:\/\/aprimora.site\/carvalhoalmeidaadvogados\/2026\/04\/30\/trt-15-participa-de-eventos-no-rio-de-janeiro-em-memoria-das-vitimas-de-acidentes-de-trabalho\/"},"modified":"2026-04-30T21:36:46","modified_gmt":"2026-05-01T00:36:46","slug":"trt-15-participa-de-eventos-no-rio-de-janeiro-em-memoria-das-vitimas-de-acidentes-de-trabalho","status":"publish","type":"post","link":"https:\/\/aprimora.site\/carvalhoalmeidaadvogados\/2026\/04\/30\/trt-15-participa-de-eventos-no-rio-de-janeiro-em-memoria-das-vitimas-de-acidentes-de-trabalho\/","title":{"rendered":"TRT-15 participa de eventos no Rio de Janeiro em mem\u00f3ria das v\u00edtimas de acidentes de trabalho"},"content":{"rendered":"<p><span>TRT-15 participa de eventos no Rio de Janeiro em mem\u00f3ria das v\u00edtimas de acidentes de trabalho<\/span><\/p>\n<div>  <a href=\"https:\/\/trt15.jus.br\/noticia\/2026\/trt-15-participa-de-eventos-no-rio-de-janeiro-em-memoria-das-vitimas-de-acidentes-de\"><\/a>\n<\/div>\n<p><span><span>anasiqueira<\/span><\/span><\/p>\n<p><span>Qui, 30\/04\/2026 &#8211; 18:36<\/span><\/p>\n<div>\n<div>TRT-15 participa de eventos no Rio de Janeiro em mem\u00f3ria das v\u00edtimas de acidentes de trabalho<\/div>\n<\/div>\n<div>\n<div class=\"visually-hidden\">Conte\u00fado da Not\u00edcia<\/div>\n<div>\n<p>Representantes do Comit\u00ea Regional do Programa Trabalho Seguro do Tribunal Regional do Trabalho da 15\u00aa Regi\u00e3o participaram, na \u00faltima ter\u00e7a-feira, 28\/4, \u00a0no Rio de Janeiro, de atividades alusivas ao Dia Mundial em Mem\u00f3ria das V\u00edtimas de Acidentes e Doen\u00e7as Relacionadas ao Trabalho, celebrado naquela data. Estiveram presentes o desembargador Edmundo Fraga Lopes, coordenador e gestor regional do programa no segundo grau, e a ju\u00edza Marina de Siqueira Ferreira Zerbinatti, gestora regional no primeiro grau.\u00a0<\/p>\n<p>A programa\u00e7\u00e3o integrou a campanha Abril Verde e reuniu institui\u00e7\u00f5es do sistema de Justi\u00e7a e representantes de entidades p\u00fablicas em torno da promo\u00e7\u00e3o de ambientes laborais mais seguros e saud\u00e1veis. Tamb\u00e9m estiveram presentes o ministro do Tribunal Superior do Trabalho (TST) Alexandre Agra Belmonte, coordenador-geral do Programa Trabalho Seguro da Justi\u00e7a do Trabalho, o presidente do TRT-RJ, desembargador Roque Lucarelli Dattoli, e o juiz do trabalho Cl\u00e1udio Freitas (TRT-RJ), coordenador nacional do Programa Trabalho Seguro da Justi\u00e7a do Trabalho.<\/p>\n<p>Entre os destaques, foi realizada a ilumina\u00e7\u00e3o do Cristo Redentor na cor verde em ato simb\u00f3lico que refor\u00e7a a conscientiza\u00e7\u00e3o sobre a import\u00e2ncia da preven\u00e7\u00e3o de acidentes e doen\u00e7as ocupacionais. Produzida pelo d\u00e9cimo ano consecutivo, a iniciativa \u00e9 fruto de uma parceria entre o TRT-RJ, o Minist\u00e9rio P\u00fablico do Trabalho no Rio de Janeiro (MPT-RJ), a Arquidiocese do Rio de Janeiro e o Santu\u00e1rio Arquidiocesano Cristo Redentor.<\/p>\n<p><strong>Simp\u00f3sio<\/strong><\/p>\n<p>As atividades tamb\u00e9m inclu\u00edram o \u201c9\u00ba Simp\u00f3sio da Ejud1 e Encontro Regional do Programa Trabalho Seguro\u201d, que contou com uma confer\u00eancia ministrada pelo ministro Alexandre Agra Belmonte. Em sua exposi\u00e7\u00e3o, destacou o desafio de transformar o robusto arcabou\u00e7o normativo brasileiro em resultados concretos na preven\u00e7\u00e3o de acidentes de trabalho, al\u00e9m de chamar aten\u00e7\u00e3o para o crescimento dos afastamentos relacionados \u00e0 sa\u00fade mental.<\/p>\n<p><em>Foto do Cristo: Guilherme Silva \/ Santu\u00e1rio Cristo Redentor<br \/>\nCom informa\u00e7\u00f5es da Assessoria de Comunica\u00e7\u00e3o do TRT-RJ e MPT-RJ<\/em><br \/>\n\u00a0<\/p>\n<\/div><\/div>\n<div>\n<div>Unidade Respons\u00e1vel:<\/div>\n<div>Comunica\u00e7\u00e3o Social<\/div>\n<\/div>\n<div>Qui, 30\/04\/2026 &#8211; 18:36<\/div>\n<p>      <span class=\"a2a_kit a2a_kit_size_16 addtoany_list\"><a class=\"a2a_dd addtoany_share\" href=\"https:\/\/www.addtoany.com\/share#url=https%3A%2F%2Ftrt15.jus.br%2Fnoticia%2F2026%2Ftrt-15-participa-de-eventos-no-rio-de-janeiro-em-memoria-das-vitimas-de-acidentes-de&amp;title=TRT-15%20participa%20de%20eventos%20no%20Rio%20de%20Janeiro%20em%20mem%C3%B3ria%20das%20v%C3%ADtimas%20de%20acidentes%20de%20trabalho\"><\/a><a class=\"a2a_button_whatsapp\"><\/a><a class=\"a2a_button_google_gmail\"><\/a><a class=\"a2a_button_twitter\"><\/a><a class=\"a2a_button_facebook\"><\/a><a class=\"a2a_button_linkedin\"><\/a><\/span><\/p>","protected":false},"excerpt":{"rendered":"<p>TRT-15 participa de eventos no Rio de Janeiro em mem\u00f3ria das v\u00edtimas de acidentes de trabalho anasiqueira Qui, 30\/04\/2026 &#8211; 18:36 TRT-15 participa de eventos no Rio de Janeiro em mem\u00f3ria das v\u00edtimas de acidentes de trabalho Conte\u00fado da Not\u00edcia Representantes do Comit\u00ea Regional do Programa Trabalho Seguro do Tribunal Regional do Trabalho da 15\u00aa [&hellip;]<\/p>\n","protected":false},"author":0,"featured_media":22522,"comment_status":"open","ping_status":"open","sticky":false,"template":"","format":"standard","meta":[],"categories":[1],"tags":[],"_links":{"self":[{"href":"https:\/\/aprimora.site\/carvalhoalmeidaadvogados\/wp-json\/wp\/v2\/posts\/22521"}],"collection":[{"href":"https:\/\/aprimora.site\/carvalhoalmeidaadvogados\/wp-json\/wp\/v2\/posts"}],"about":[{"href":"https:\/\/aprimora.site\/carvalhoalmeidaadvogados\/wp-json\/wp\/v2\/types\/post"}],"replies":[{"embeddable":true,"href":"https:\/\/aprimora.site\/carvalhoalmeidaadvogados\/wp-json\/wp\/v2\/comments?post=22521"}],"version-history":[{"count":0,"href":"https:\/\/aprimora.site\/carvalhoalmeidaadvogados\/wp-json\/wp\/v2\/posts\/22521\/revisions"}],"wp:featuredmedia":[{"embeddable":true,"href":"https:\/\/aprimora.site\/carvalhoalmeidaadvogados\/wp-json\/wp\/v2\/media\/22522"}],"wp:attachment":[{"href":"https:\/\/aprimora.site\/carvalhoalmeidaadvogados\/wp-json\/wp\/v2\/media?parent=22521"}],"wp:term":[{"taxonomy":"category","embeddable":true,"href":"https:\/\/aprimora.site\/carvalhoalmeidaadvogados\/wp-json\/wp\/v2\/categories?post=22521"},{"taxonomy":"post_tag","embeddable":true,"href":"https:\/\/aprimora.site\/carvalhoalmeidaadvogados\/wp-json\/wp\/v2\/tags?post=22521"}],"curies":[{"name":"wp","href":"https:\/\/api.w.org\/{rel}","templated":true}]}}