{"id":22520,"date":"2026-04-30T21:01:01","date_gmt":"2026-05-01T00:01:01","guid":{"rendered":"https:\/\/aprimora.site\/carvalhoalmeidaadvogados\/2026\/04\/30\/andre-mendonca-ajudou-ou-atrapalhou-messias\/"},"modified":"2026-04-30T21:01:01","modified_gmt":"2026-05-01T00:01:01","slug":"andre-mendonca-ajudou-ou-atrapalhou-messias","status":"publish","type":"post","link":"https:\/\/aprimora.site\/carvalhoalmeidaadvogados\/2026\/04\/30\/andre-mendonca-ajudou-ou-atrapalhou-messias\/","title":{"rendered":"Andr\u00e9 Mendon\u00e7a ajudou ou atrapalhou Messias?"},"content":{"rendered":"<p><span>Logo ap\u00f3s o Senado ter rejeitado o nome de Jorge Messias \u00e0 vaga do Supremo Tribunal Federal (STF), Andr\u00e9 Mendon\u00e7a escreveu nas redes sociais que o Brasil perdia a oportunidade de ter \u201cum grande\u201d ministro e o qualificou como um homem de car\u00e1ter e \u00edntegro.\u00a0<\/span><\/p>\n<p><span>A manifesta\u00e7\u00e3o p\u00fablica \u00e9 um retrato do apoio que Mendon\u00e7a vinha dando a Messias. Mesmo tendo sido<\/span><span> indicados por presidentes da Rep\u00fablica de espectros pol\u00edticos distintos \u2013 um por Lula (PT) e outro por Jair Bolsonaro (PL), Mendon\u00e7a resolveu dar a m\u00e3o para Messias no processo. <\/span><span>O \u201cterrivelmente evang\u00e9lico\u201d ligado ao ex-presidente e \u00e0 ex-primeira-dama Michelle abriu as portas de gabinetes, fez telefonemas e apresentou a senadores o escolhido por Lula como um bom nome para integrar a Corte.\u00a0\u00a0<\/span><\/p>\n<p class=\"jota-cta\"><a href=\"https:\/\/www.jota.info\/produtos\/poder?utm_source=cta-site&amp;utm_medium=site&amp;utm_campaign=campanha_poder_q2&amp;utm_id=cta_texto_poder_q2_2023&amp;utm_term=cta_texto_poder&amp;utm_term=cta_texto_poder_meio_materias\"><span>Conhe\u00e7a o <span class=\"jota\">JOTA<\/span> PRO Poder, plataforma de monitoramento que oferece transpar\u00eancia e previsibilidade para empresas<\/span><\/a><\/p>\n<p><span>Messias retribuiu e o elogiou publicamente durante a sabatina.\u00a0<\/span><span>A rela\u00e7\u00e3o entre ambos nasceu de uma empatia. Em comum, a f\u00e9 evang\u00e9lica e a geladeira na qual Davi Alcolumbre\u00a0 os colocou \u2013 o presidente do Senado n\u00e3o queria nenhum dos dois para a vaga por preferir outros nomes. Os indicados tiveram de esperar meses entre a indica\u00e7\u00e3o e a sabatina, que \u00e9 marcada pelo presidente do Senado.\u00a0<\/span><\/p>\n<p><span>A interlocutores, Mendon\u00e7a tamb\u00e9m demonstrou inc\u00f4modo com o fato de colegas do STF se oporem ao indicado de Lula. Os ministros Gilmar Mendes e Alexandre de Moraes expressaram publicamente a sua predile\u00e7\u00e3o por Rodrigo Pacheco, que tamb\u00e9m era o nome de Alcolumbre.\u00a0<\/span><\/p>\n<p><span>Para Mendon\u00e7a n\u00e3o cabe aos ministros decidirem quem ser\u00e1 o pr\u00f3ximo colega \u2013 acabou que ele mesmo fez isso quando <\/span><span>resolveu abra\u00e7ar a campanha de Messias. Al\u00e9m de Mendon\u00e7a, Kassio Nunes Marques e Cristiano Zanin tamb\u00e9m deram apoio.\u00a0<\/span><\/p>\n<p><span>Claro que, para o futuro, uma alian\u00e7a com Messias tamb\u00e9m seria bem-vinda a Mendon\u00e7a, que tem dificuldades de compor maioria para as suas teses dentro do tribunal.\u00a0 <\/span><span>A estrat\u00e9gia era que o apoio do Mendon\u00e7a renderia votos entre senadores conservadores. Em um cen\u00e1rio de placar apertado, qualquer apoio ajudaria. <\/span><span>No entanto, havia algumas pedras no caminho.\u00a0<\/span><\/p>\n<p><span>Uma delas, a vota\u00e7\u00e3o secreta, que protege quem n\u00e3o vota conforme o prometido com as lideran\u00e7as partid\u00e1rias. A outra era Davi Alcolumbre, que n\u00e3o tem uma boa rela\u00e7\u00e3o com Andr\u00e9 Mendon\u00e7a e n\u00e3o queria ver outro ministro na Corte contr\u00e1rio a ele. Por isso, trabalhou nos bastidores para a reprova\u00e7\u00e3o de Messias.\u00a0<\/span><\/p>\n<p><span>A j\u00e1 azeda rela\u00e7\u00e3o entre Mendon\u00e7a e Alcolumbre piorou quando o ministro do Supremo assumiu a relatoria dos inqu\u00e9ritos do INSS e do Master. <\/span><span>Entre as medidas tomadas pelo magistrado que contribu\u00edram para o clima ruim, a determina\u00e7\u00e3o para Alcolumbre entregar aos deputados da CPMI do INSS as informa\u00e7\u00f5es obtidas a partir da quebra de sigilo fiscal, banc\u00e1rio e telem\u00e1tico do banqueiro Daniel Vorcaro, dono do Banco Master, foi determinante. Pela decis\u00e3o, nenhuma documenta\u00e7\u00e3o deveria continuar com o presidente do Congresso.<\/span><\/p>\n<p><span>E n\u00e3o parou por a\u00ed: Mendon\u00e7a deu uma liminar estabelecendo o prazo de 48 horas para que Alcolumbre lesse o requerimento de prorroga\u00e7\u00e3o da CPMI do INSS. A leitura do documento era suficiente para prorrogar a comiss\u00e3o, o que o presidente do Senado n\u00e3o queria. Por fim, por 8 a 2, Mendon\u00e7a acabou derrotado em plen\u00e1rio.<\/span><\/p>\n<p><span>Tamb\u00e9m n\u00e3o est\u00e1 claro o que pode aparecer nos dois inqu\u00e9ritos relatados por Mendon\u00e7a em rela\u00e7\u00e3o a parlamentares e ao pr\u00f3prio Alcolumbre. <\/span><span>Embora a rejei\u00e7\u00e3o de Messias \u00e0 cadeira do STF tenha muito a ver com a rela\u00e7\u00e3o do presidente do Senado com o governo Lula, o ministro tamb\u00e9m foi um personagem de peso nesse processo \u2013 seja pelo apoio, seja pela derrocada de Messias.\u00a0<\/span><\/p>\n<p>\u00a0<\/p>","protected":false},"excerpt":{"rendered":"<p>Logo ap\u00f3s o Senado ter rejeitado o nome de Jorge Messias \u00e0 vaga do Supremo Tribunal Federal (STF), Andr\u00e9 Mendon\u00e7a escreveu nas redes sociais que o Brasil perdia a oportunidade de ter \u201cum grande\u201d ministro e o qualificou como um homem de car\u00e1ter e \u00edntegro.\u00a0 A manifesta\u00e7\u00e3o p\u00fablica \u00e9 um retrato do apoio que Mendon\u00e7a [&hellip;]<\/p>\n","protected":false},"author":0,"featured_media":0,"comment_status":"open","ping_status":"open","sticky":false,"template":"","format":"standard","meta":[],"categories":[1],"tags":[],"_links":{"self":[{"href":"https:\/\/aprimora.site\/carvalhoalmeidaadvogados\/wp-json\/wp\/v2\/posts\/22520"}],"collection":[{"href":"https:\/\/aprimora.site\/carvalhoalmeidaadvogados\/wp-json\/wp\/v2\/posts"}],"about":[{"href":"https:\/\/aprimora.site\/carvalhoalmeidaadvogados\/wp-json\/wp\/v2\/types\/post"}],"replies":[{"embeddable":true,"href":"https:\/\/aprimora.site\/carvalhoalmeidaadvogados\/wp-json\/wp\/v2\/comments?post=22520"}],"version-history":[{"count":0,"href":"https:\/\/aprimora.site\/carvalhoalmeidaadvogados\/wp-json\/wp\/v2\/posts\/22520\/revisions"}],"wp:attachment":[{"href":"https:\/\/aprimora.site\/carvalhoalmeidaadvogados\/wp-json\/wp\/v2\/media?parent=22520"}],"wp:term":[{"taxonomy":"category","embeddable":true,"href":"https:\/\/aprimora.site\/carvalhoalmeidaadvogados\/wp-json\/wp\/v2\/categories?post=22520"},{"taxonomy":"post_tag","embeddable":true,"href":"https:\/\/aprimora.site\/carvalhoalmeidaadvogados\/wp-json\/wp\/v2\/tags?post=22520"}],"curies":[{"name":"wp","href":"https:\/\/api.w.org\/{rel}","templated":true}]}}