{"id":22517,"date":"2026-04-30T20:22:50","date_gmt":"2026-04-30T23:22:50","guid":{"rendered":"https:\/\/aprimora.site\/carvalhoalmeidaadvogados\/?p=22517"},"modified":"2026-04-30T20:22:50","modified_gmt":"2026-04-30T23:22:50","slug":"o-trabalho-e-alicerce-da-dignidade-humana","status":"publish","type":"post","link":"https:\/\/aprimora.site\/carvalhoalmeidaadvogados\/2026\/04\/30\/o-trabalho-e-alicerce-da-dignidade-humana\/","title":{"rendered":"O trabalho \u00e9 alicerce da dignidade humana"},"content":{"rendered":"<p><span>O trabalho \u00e9 alicerce da dignidade humana<\/span><\/p>\n<div>  <a href=\"https:\/\/trt15.jus.br\/noticia\/2026\/o-trabalho-e-alicerce-da-dignidade-humana\"><\/a>\n<\/div>\n<p><span><span>anasiqueira<\/span><\/span><\/p>\n<p><span>Qui, 30\/04\/2026 &#8211; 17:22<\/span><\/p>\n<div>\n<div>O trabalho \u00e9 alicerce da dignidade humana<\/div>\n<\/div>\n<div>\n<div class=\"visually-hidden\">Conte\u00fado da Not\u00edcia<\/div>\n<div>\n<p>Neste 1\u00ba de maio celebramos o Dia Internacional do Trabalhador. Mais do que um feriado, esta \u00e9 uma data de profunda reflex\u00e3o para todos n\u00f3s da Justi\u00e7a do Trabalho da 15\u00aa Regi\u00e3o.<\/p>\n<p>\u00a0<\/p>\n<p>O trabalho \u00e9 o alicerce da dignidade humana. \u00c9 por meio dele que transformamos a realidade, sustentamos nossas fam\u00edlias e constru\u00edmos o progresso do nosso pa\u00eds. Sabemos que essa constru\u00e7\u00e3o s\u00f3 \u00e9 s\u00f3lida quando pautada no respeito, na justi\u00e7a e no equil\u00edbrio das rela\u00e7\u00f5es sociais.<\/p>\n\n<p>E essa \u00e9 a raz\u00e3o de existir do TRT da 15\u00aa Regi\u00e3o. Instalado no interior paulista, uma das maiores e mais produtivas regi\u00f5es do Brasil, do agroneg\u00f3cio \u00e0 alta tecnologia, nossa miss\u00e3o, em cada processo, em cada concilia\u00e7\u00e3o, \u00e9 solucionar conflitos e concretizar direitos sociais.<\/p>\n<p>Nesta data, quero deixar meu agradecimento especial aos magistrados, servidores e colaboradores que, com dedica\u00e7\u00e3o, tornam nossa Justi\u00e7a c\u00e9lere e acess\u00edvel.\u00a0<\/p>\n<p>Minha sauda\u00e7\u00e3o a cada trabalhador e trabalhadora que movimenta a nossa economia e contribui para o crescimento do nosso pa\u00eds.<\/p>\n<p>O TRT de Campinas reafirma seu compromisso inabal\u00e1vel com a valoriza\u00e7\u00e3o do trabalho humano. Que este 1\u00ba de maio renove nossas esperan\u00e7as por um futuro de mais oportunidades, seguran\u00e7a e justi\u00e7a para todos.<\/p>\n<p>Um excelente Dia do Trabalhador.\u00a0<br \/>\n\u00a0<\/p>\n<\/div><\/div>\n<div>\n<div>Unidade Respons\u00e1vel:<\/div>\n<div>Comunica\u00e7\u00e3o Social<\/div>\n<\/div>\n<div>Qui, 30\/04\/2026 &#8211; 17:22<\/div>\n<p>      <span class=\"a2a_kit a2a_kit_size_16 addtoany_list\"><a class=\"a2a_dd addtoany_share\" href=\"https:\/\/www.addtoany.com\/share#url=https%3A%2F%2Ftrt15.jus.br%2Fnoticia%2F2026%2Fo-trabalho-e-alicerce-da-dignidade-humana&amp;title=O%20trabalho%20%C3%A9%20alicerce%20da%20dignidade%20humana\"><\/a><a class=\"a2a_button_whatsapp\"><\/a><a class=\"a2a_button_google_gmail\"><\/a><a class=\"a2a_button_twitter\"><\/a><a class=\"a2a_button_facebook\"><\/a><a class=\"a2a_button_linkedin\"><\/a><\/span><\/p>","protected":false},"excerpt":{"rendered":"<p>O trabalho \u00e9 alicerce da dignidade humana anasiqueira Qui, 30\/04\/2026 &#8211; 17:22 O trabalho \u00e9 alicerce da dignidade humana Conte\u00fado da Not\u00edcia Neste 1\u00ba de maio celebramos o Dia Internacional do Trabalhador. Mais do que um feriado, esta \u00e9 uma data de profunda reflex\u00e3o para todos n\u00f3s da Justi\u00e7a do Trabalho da 15\u00aa Regi\u00e3o. \u00a0 [&hellip;]<\/p>\n","protected":false},"author":0,"featured_media":22518,"comment_status":"open","ping_status":"open","sticky":false,"template":"","format":"standard","meta":[],"categories":[1],"tags":[],"_links":{"self":[{"href":"https:\/\/aprimora.site\/carvalhoalmeidaadvogados\/wp-json\/wp\/v2\/posts\/22517"}],"collection":[{"href":"https:\/\/aprimora.site\/carvalhoalmeidaadvogados\/wp-json\/wp\/v2\/posts"}],"about":[{"href":"https:\/\/aprimora.site\/carvalhoalmeidaadvogados\/wp-json\/wp\/v2\/types\/post"}],"replies":[{"embeddable":true,"href":"https:\/\/aprimora.site\/carvalhoalmeidaadvogados\/wp-json\/wp\/v2\/comments?post=22517"}],"version-history":[{"count":0,"href":"https:\/\/aprimora.site\/carvalhoalmeidaadvogados\/wp-json\/wp\/v2\/posts\/22517\/revisions"}],"wp:featuredmedia":[{"embeddable":true,"href":"https:\/\/aprimora.site\/carvalhoalmeidaadvogados\/wp-json\/wp\/v2\/media\/22518"}],"wp:attachment":[{"href":"https:\/\/aprimora.site\/carvalhoalmeidaadvogados\/wp-json\/wp\/v2\/media?parent=22517"}],"wp:term":[{"taxonomy":"category","embeddable":true,"href":"https:\/\/aprimora.site\/carvalhoalmeidaadvogados\/wp-json\/wp\/v2\/categories?post=22517"},{"taxonomy":"post_tag","embeddable":true,"href":"https:\/\/aprimora.site\/carvalhoalmeidaadvogados\/wp-json\/wp\/v2\/tags?post=22517"}],"curies":[{"name":"wp","href":"https:\/\/api.w.org\/{rel}","templated":true}]}}