{"id":22510,"date":"2026-04-29T21:47:04","date_gmt":"2026-04-30T00:47:04","guid":{"rendered":"https:\/\/aprimora.site\/carvalhoalmeidaadvogados\/2026\/04\/29\/1o-de-maio-a-historia-da-justica-do-trabalho-e-a-atuacao-do-trt-15-ao-longo-de-quatro-decadas\/"},"modified":"2026-04-29T21:47:04","modified_gmt":"2026-04-30T00:47:04","slug":"1o-de-maio-a-historia-da-justica-do-trabalho-e-a-atuacao-do-trt-15-ao-longo-de-quatro-decadas","status":"publish","type":"post","link":"https:\/\/aprimora.site\/carvalhoalmeidaadvogados\/2026\/04\/29\/1o-de-maio-a-historia-da-justica-do-trabalho-e-a-atuacao-do-trt-15-ao-longo-de-quatro-decadas\/","title":{"rendered":"1\u00ba de Maio: a hist\u00f3ria da Justi\u00e7a do Trabalho e a atua\u00e7\u00e3o do TRT-15 ao longo de quatro d\u00e9cadas"},"content":{"rendered":"<p><span>1\u00ba de Maio: a hist\u00f3ria da Justi\u00e7a do Trabalho e a atua\u00e7\u00e3o do TRT-15 ao longo de quatro d\u00e9cadas<\/span><\/p>\n<div>  <a href=\"https:\/\/trt15.jus.br\/noticia\/2026\/1o-de-maio-historia-da-justica-do-trabalho-e-atuacao-do-trt-15-ao-longo-de-quatro\"><\/a>\n<\/div>\n<p><span><span>anasiqueira<\/span><\/span><\/p>\n<p><span>Qua, 29\/04\/2026 &#8211; 18:47<\/span><\/p>\n<div>\n<div>1\u00ba de Maio: a hist\u00f3ria da Justi\u00e7a do Trabalho e a atua\u00e7\u00e3o do TRT-15 ao longo de quatro d\u00e9cadas<\/div>\n<\/div>\n<div>\n<div class=\"visually-hidden\">Conte\u00fado da Not\u00edcia<\/div>\n<div>\n<p>O Dia do Trabalhador, celebrado em 1\u00ba de maio, simboliza a valoriza\u00e7\u00e3o do trabalho humano e a consolida\u00e7\u00e3o hist\u00f3rica dos direitos sociais. A origem da data remonta a 1886, em Chicago (Estados Unidos), quando milhares de oper\u00e1rios iniciaram uma greve geral pela redu\u00e7\u00e3o da jornada de trabalho de at\u00e9 17 horas para oito horas di\u00e1rias. A mobiliza\u00e7\u00e3o resultou em violentos confrontos com a pol\u00edcia, pris\u00f5es e mortes, tornando-se um marco internacional da luta por melhores condi\u00e7\u00f5es de trabalho e um s\u00edmbolo permanente da busca por direitos e justi\u00e7a nas rela\u00e7\u00f5es laborais.<\/p>\n<p>No Brasil, o 1\u00ba de maio tamb\u00e9m est\u00e1 associado \u00e0 instala\u00e7\u00e3o oficial da Justi\u00e7a do Trabalho, ocorrida em 1\u00ba de maio de 1941, quando passou a funcionar uma estrutura especializada destinada \u00e0 concilia\u00e7\u00e3o e ao julgamento dos conflitos entre trabalhadores e empregadores.<\/p>\n\n<p><em>Cerim\u00f4nia de instala\u00e7\u00e3o do TRT-15 realizada em 5 de dezembro de 1986<\/em><\/p>\n<p>Em 2026, a celebra\u00e7\u00e3o ganha significado ainda mais especial para o interior paulista, pois neste ano o Tribunal Regional do Trabalho da 15\u00aa Regi\u00e3o, criado pela Lei n\u00ba 7.520\/1986, a partir do desmembramento do Tribunal Regional do Trabalho da 2\u00aa Regi\u00e3o, completa quatro d\u00e9cadas de atua\u00e7\u00e3o.<\/p>\n<p>Institu\u00eddo para ampliar o acesso \u00e0 Justi\u00e7a do Trabalho, diante do crescimento econ\u00f4mico e populacional do interior do estado, o TRT-15 \u00e9 o \u00fanico tribunal trabalhista brasileiro sediado fora de uma capital estadual, caracter\u00edstica que refor\u00e7a sua voca\u00e7\u00e3o de aproxima\u00e7\u00e3o com a sociedade.<\/p>\n\n<p><em>Trabalhadores aguardam julgamento de processo em frente ao pr\u00e9dio do TRT-15 em Campinas<\/em><\/p>\n<p><strong>A Justi\u00e7a do Trabalho e a constru\u00e7\u00e3o dos direitos sociais no Brasil<\/strong><\/p>\n<p>A Justi\u00e7a do Trabalho integra um processo hist\u00f3rico de institucionaliza\u00e7\u00e3o da prote\u00e7\u00e3o \u00e0s rela\u00e7\u00f5es de trabalho no Brasil ao longo do s\u00e9culo XX. Em 1923, com a institui\u00e7\u00e3o do Conselho Nacional do Trabalho, surgiram os primeiros mecanismos estatais de media\u00e7\u00e3o dos conflitos entre trabalhadores e empregadores.<\/p>\n\n<p><em>Presidente Get\u00falio Vargas cria a Justi\u00e7a do Trabalho em 1\u00ba de Maio de 1941.\u00a0<\/em><em><a href=\"https:\/\/www.trt15.jus.br\/siabi-memorial\/linha_do_tempo\">Foto do Acervo do CMAC<\/a><\/em><\/p>\n<p>A Constitui\u00e7\u00e3o de 1934 incorporou formalmente a Justi\u00e7a do Trabalho ao ordenamento jur\u00eddico brasileiro, e sua instala\u00e7\u00e3o ocorreu em 1\u00ba de maio de 1941, com a organiza\u00e7\u00e3o das Juntas de Concilia\u00e7\u00e3o e Julgamento, vinculadas ao Minist\u00e9rio do Trabalho, Ind\u00fastria e Com\u00e9rcio.<\/p>\n<p>Em 1943, a Consolida\u00e7\u00e3o das Leis do Trabalho (CLT) estruturou o principal marco normativo da \u00e1rea, estabelecendo direitos e deveres nas rela\u00e7\u00f5es de emprego. A partir da Constitui\u00e7\u00e3o de 1946, a Justi\u00e7a do Trabalho passou a integrar o Poder Judici\u00e1rio, adquirindo maior autonomia institucional. Posteriormente, a Constitui\u00e7\u00e3o de 1988 e a Emenda Constitucional n\u00ba 45\/2004 ampliaram sua compet\u00eancia e refor\u00e7aram sua fun\u00e7\u00e3o na garantia dos direitos fundamentais.<\/p>\n<p><strong>Atua\u00e7\u00e3o institucional: promo\u00e7\u00e3o do trabalho digno, prote\u00e7\u00e3o social e seguran\u00e7a no trabalho<\/strong><\/p>\n<p>A promo\u00e7\u00e3o do trabalho digno constitui um dos eixos estruturantes da Justi\u00e7a do Trabalho e se expressa de forma permanente na atua\u00e7\u00e3o do TRT-15, que desde sua instala\u00e7\u00e3o exerce papel estrat\u00e9gico na amplia\u00e7\u00e3o do acesso \u00e0 Justi\u00e7a no interior paulista, acompanhando as transforma\u00e7\u00f5es econ\u00f4micas e sociais da regi\u00e3o.<\/p>\n\n<p><em>Semin\u00e1rio no Laborat\u00f3rio de Inova\u00e7\u00e3o do TRT-15, Co.Labora 15, debate o combate ao trabalho escravo, \u00e0 discrimina\u00e7\u00e3o e ao tr\u00e1fico de pessoas<\/em><\/p>\n<p>Nesse contexto, destacam-se iniciativas institucionais direcionadas ao enfrentamento do trabalho em condi\u00e7\u00f5es an\u00e1logas \u00e0 escravid\u00e3o, ao combate ao trabalho infantil e \u00e0 promo\u00e7\u00e3o de ambientes laborais seguros e saud\u00e1veis, com \u00eanfase na preven\u00e7\u00e3o de acidentes e doen\u00e7as ocupacionais.<\/p>\n\n<p><em>Formatura de jovens do Programa de Aprendizagem Social do TRT-15<\/em><\/p>\n<p>O Tribunal atua de forma articulada com pol\u00edticas nacionais da Justi\u00e7a do Trabalho e com programas institucionais como o Programa Trabalho Seguro, que re\u00fane a\u00e7\u00f5es de preven\u00e7\u00e3o e fortalecimento da cultura de prote\u00e7\u00e3o \u00e0 sa\u00fade e \u00e0 integridade do trabalhador. Tamb\u00e9m participa de iniciativas interinstitucionais destinadas \u00e0 prote\u00e7\u00e3o de pessoas em situa\u00e7\u00e3o de vulnerabilidade e ao enfrentamento de graves viola\u00e7\u00f5es de direitos trabalhistas.<\/p>\n\n<p><em>Semin\u00e1rio promovido pelo Comit\u00ea do Trabalho Seguro e pela Escola Judicial aborda a sa\u00fade mental do trabalhador<\/em><\/p>\n<p>Paralelamente, o TRT-15 tem fortalecido a aplica\u00e7\u00e3o dos protocolos nacionais de julgamento institu\u00eddos pelo Conselho Nacional de Justi\u00e7a e pelo Conselho Superior da Justi\u00e7a do Trabalho, entre eles os que incorporam perspectivas de g\u00eanero e ra\u00e7a, a prote\u00e7\u00e3o da inf\u00e2ncia e da juventude e as diretrizes voltadas \u00e0 inclus\u00e3o da pessoa com defici\u00eancia, contribuindo para uma atua\u00e7\u00e3o jurisdicional cada vez mais sens\u00edvel \u00e0s desigualdades sociais.<\/p>\n<p>Atualmente, o Tribunal possui jurisdi\u00e7\u00e3o sobre 599 munic\u00edpios e atende uma popula\u00e7\u00e3o superior a 22 milh\u00f5es de pessoas. Em 2025 teve sua estrutura ampliada a partir da promulga\u00e7\u00e3o da Lei 15.096. \u00a0 A institui\u00e7\u00e3o conta com 70 cargos de desembargadores em sete Turmas (divididas em 14 C\u00e2maras), al\u00e9m de se\u00e7\u00f5es especializadas, \u00d3rg\u00e3o Especial e Tribunal Pleno, bem como 153 Varas do Trabalho, \u00a0346 ju\u00edzes do trabalho, 3.332 servidores e 793 trabalhadores terceirizados.<\/p>\n<p><strong>Mem\u00f3ria institucional e o papel estruturante do CMAC<\/strong><\/p>\n<p>A tem\u00e1tica do trabalho digno n\u00e3o se restringe \u00e0 atua\u00e7\u00e3o jurisdicional, estando presente tamb\u00e9m na valoriza\u00e7\u00e3o do patrim\u00f4nio hist\u00f3rico institucional, o que refor\u00e7a a dimens\u00e3o social e hist\u00f3rica da prote\u00e7\u00e3o ao trabalho no pa\u00eds. No \u00e2mbito do TRT-15, a preserva\u00e7\u00e3o da hist\u00f3ria da Justi\u00e7a do Trabalho \u00e9 assegurada pelo Centro de Mem\u00f3ria, Arquivo e Cultura do Tribunal Regional do Trabalho da 15\u00aa Regi\u00e3o (CMAC), unidade criada em 21 de outubro de 2004 a partir do Programa de Gest\u00e3o Documental do Tribunal. Sua miss\u00e3o institucional \u00e9 recolher, preservar e garantir o acesso aos documentos de guarda permanente produzidos pelo TRT-15, assegurando a salvaguarda do patrim\u00f4nio documental da institui\u00e7\u00e3o.<\/p>\n\n<p><em>CMAC possui acervo de processos e exposi\u00e7\u00e3o interativa que contam a hist\u00f3ria da Justi\u00e7a do Trabalho e do TRT-15<\/em><\/p>\n<p>O CMAC desempenha papel central na constru\u00e7\u00e3o da mem\u00f3ria social do trabalho e da pr\u00f3pria Justi\u00e7a do Trabalho. Sua mostra permanente integra a hist\u00f3ria do trabalho no Brasil, a evolu\u00e7\u00e3o da Justi\u00e7a do Trabalho e a trajet\u00f3ria do TRT-15, por meio de v\u00eddeos, documentos, fotografias e recursos interativos que estimulam a reflex\u00e3o sobre as transforma\u00e7\u00f5es do mundo do trabalho e as m\u00faltiplas experi\u00eancias que comp\u00f5em a realidade do trabalhador.<br \/>\nAl\u00e9m das exposi\u00e7\u00f5es e a\u00e7\u00f5es culturais voltadas ao p\u00fablico interno e externo, o CMAC atua na promo\u00e7\u00e3o da pesquisa e da produ\u00e7\u00e3o de conhecimento, por meio de conv\u00eanios acad\u00eamicos e iniciativas de coopera\u00e7\u00e3o t\u00e9cnico-cient\u00edfica. Seu acervo hist\u00f3rico re\u00fane mais de 200 mil processos judiciais, constituindo uma das mais relevantes bases documentais sobre a hist\u00f3ria da Justi\u00e7a do Trabalho e das rela\u00e7\u00f5es de trabalho no interior paulista.<\/p>\n\n<p><strong>Momento de reflex\u00e3o<\/strong><\/p>\n\n<p>Para a presidente da Corte, desembargadora Ana Paula Pellegrina Lockmann, o 1\u00ba de Maio representa um momento de reflex\u00e3o sobre o papel da Justi\u00e7a do Trabalho na sociedade e sobre a import\u00e2ncia da prote\u00e7\u00e3o aos direitos sociais. \u201cEm um cen\u00e1rio de constantes desafios institucionais e de debates que envolvem o fortalecimento das institui\u00e7\u00f5es democr\u00e1ticas, a Justi\u00e7a do Trabalho segue exercendo sua fun\u00e7\u00e3o essencial de media\u00e7\u00e3o dos conflitos e de garantia do equil\u00edbrio nas rela\u00e7\u00f5es de trabalho\u201d, afirma. Ela acrescenta ainda que a trajet\u00f3ria do TRT-15 \u201cevidencia uma atua\u00e7\u00e3o que ultrapassa a presta\u00e7\u00e3o jurisdicional tradicional, alcan\u00e7ando a promo\u00e7\u00e3o da dignidade e a valoriza\u00e7\u00e3o da cidadania\u201d.<\/p>\n<p><strong>Confira acervo fotogr\u00e1fico\u00a0do CMAC sobre as diversas formas de trabalho ao longo do tempo:<\/strong><\/p>\n<p><a href=\"https:\/\/www.flickr.com\/photos\/trt15campinas\/albums\/72157716105757412\" title=\"Painel da Mem\u00f3ria\"><\/a><\/p>\n<\/div><\/div>\n<div>\n<div>Unidade Respons\u00e1vel:<\/div>\n<div>Comunica\u00e7\u00e3o Social<\/div>\n<\/div>\n<div>Qua, 29\/04\/2026 &#8211; 18:47<\/div>\n<p>      <span class=\"a2a_kit a2a_kit_size_16 addtoany_list\"><a class=\"a2a_dd addtoany_share\" href=\"https:\/\/www.addtoany.com\/share#url=https%3A%2F%2Ftrt15.jus.br%2Fnoticia%2F2026%2F1o-de-maio-historia-da-justica-do-trabalho-e-atuacao-do-trt-15-ao-longo-de-quatro&amp;title=1%C2%BA%20de%20Maio%3A%20a%20hist%C3%B3ria%20da%20Justi%C3%A7a%20do%20Trabalho%20e%20a%20atua%C3%A7%C3%A3o%20do%20TRT-15%20ao%20longo%20de%20quatro%20d%C3%A9cadas\"><\/a><a class=\"a2a_button_whatsapp\"><\/a><a class=\"a2a_button_google_gmail\"><\/a><a class=\"a2a_button_twitter\"><\/a><a class=\"a2a_button_facebook\"><\/a><a class=\"a2a_button_linkedin\"><\/a><\/span><\/p>","protected":false},"excerpt":{"rendered":"<p>1\u00ba de Maio: a hist\u00f3ria da Justi\u00e7a do Trabalho e a atua\u00e7\u00e3o do TRT-15 ao longo de quatro d\u00e9cadas anasiqueira Qua, 29\/04\/2026 &#8211; 18:47 1\u00ba de Maio: a hist\u00f3ria da Justi\u00e7a do Trabalho e a atua\u00e7\u00e3o do TRT-15 ao longo de quatro d\u00e9cadas Conte\u00fado da Not\u00edcia O Dia do Trabalhador, celebrado em 1\u00ba de maio, [&hellip;]<\/p>\n","protected":false},"author":0,"featured_media":22511,"comment_status":"open","ping_status":"open","sticky":false,"template":"","format":"standard","meta":[],"categories":[1],"tags":[],"_links":{"self":[{"href":"https:\/\/aprimora.site\/carvalhoalmeidaadvogados\/wp-json\/wp\/v2\/posts\/22510"}],"collection":[{"href":"https:\/\/aprimora.site\/carvalhoalmeidaadvogados\/wp-json\/wp\/v2\/posts"}],"about":[{"href":"https:\/\/aprimora.site\/carvalhoalmeidaadvogados\/wp-json\/wp\/v2\/types\/post"}],"replies":[{"embeddable":true,"href":"https:\/\/aprimora.site\/carvalhoalmeidaadvogados\/wp-json\/wp\/v2\/comments?post=22510"}],"version-history":[{"count":0,"href":"https:\/\/aprimora.site\/carvalhoalmeidaadvogados\/wp-json\/wp\/v2\/posts\/22510\/revisions"}],"wp:featuredmedia":[{"embeddable":true,"href":"https:\/\/aprimora.site\/carvalhoalmeidaadvogados\/wp-json\/wp\/v2\/media\/22511"}],"wp:attachment":[{"href":"https:\/\/aprimora.site\/carvalhoalmeidaadvogados\/wp-json\/wp\/v2\/media?parent=22510"}],"wp:term":[{"taxonomy":"category","embeddable":true,"href":"https:\/\/aprimora.site\/carvalhoalmeidaadvogados\/wp-json\/wp\/v2\/categories?post=22510"},{"taxonomy":"post_tag","embeddable":true,"href":"https:\/\/aprimora.site\/carvalhoalmeidaadvogados\/wp-json\/wp\/v2\/tags?post=22510"}],"curies":[{"name":"wp","href":"https:\/\/api.w.org\/{rel}","templated":true}]}}