{"id":22504,"date":"2026-04-30T16:00:54","date_gmt":"2026-04-30T19:00:54","guid":{"rendered":"https:\/\/aprimora.site\/carvalhoalmeidaadvogados\/2026\/04\/30\/agio-interno-e-a-formacao-silenciosa-do-precedente-parte-2\/"},"modified":"2026-04-30T16:00:54","modified_gmt":"2026-04-30T19:00:54","slug":"agio-interno-e-a-formacao-silenciosa-do-precedente-parte-2","status":"publish","type":"post","link":"https:\/\/aprimora.site\/carvalhoalmeidaadvogados\/2026\/04\/30\/agio-interno-e-a-formacao-silenciosa-do-precedente-parte-2\/","title":{"rendered":"\u00c1gio interno e a forma\u00e7\u00e3o silenciosa do precedente \u2013 Parte 2"},"content":{"rendered":"<p><a href=\"https:\/\/www.jota.info\/opiniao-e-analise\/artigos\/agio-interno-e-a-formacao-silenciosa-do-precedente-parte-1\">Se a Parte 1<\/a> revelou trajet\u00f3ria recente do \u00e1gio interno revela o deslocamento do controle estrutural para o exame probat\u00f3rio, a Parte 2 enfrenta quest\u00e3o metodologicamente anterior: quando, exatamente, se forma a ratio de um precedente? A resposta n\u00e3o pode ser buscada no dispositivo do julgamento, mas na identifica\u00e7\u00e3o da quest\u00e3o jur\u00eddica efetivamente enfrentada e resolvida como premissa necess\u00e1ria do resultado.<\/p>\n<p>A <a href=\"https:\/\/www.mprj.mp.br\/documents\/20184\/2580660\/Luis_Guilherme_Marinoni.pdf\">teoria dos precedentes<\/a> n\u00e3o localiza a <em>ratio<\/em> na ementa nem no desfecho formal do recurso. Define-se a <em>ratio decidendi<\/em> como o fundamento jur\u00eddico determinante, sustentado pela maioria, cuja supress\u00e3o alteraria a decis\u00e3o. Apenas essa parcela da fundamenta\u00e7\u00e3o possui aptid\u00e3o para irradiar efeitos orientadores. Como assinala a <a href=\"https:\/\/digepnac-precedentes.trt5.jus.br\/sites\/default\/files\/sistema\/inline_files\/2023-10\/como-identificar-a-ratio-decidendi-e-aplicar-ou-distinguir-um-precedente.pdf\">doutrina especializada<\/a>, identificar a <em>ratio<\/em> exige verificar qual quest\u00e3o de direito foi efetivamente solucionada pelo colegiado e se essa solu\u00e7\u00e3o foi indispens\u00e1vel \u00e0 conclus\u00e3o adotada.<\/p>\n<p class=\"jota-cta\"><a href=\"https:\/\/www.jota.info\/produtos\/tributos?utm_source=cta-site&amp;utm_medium=site&amp;utm_campaign=campanha_tributos_q2&amp;utm_id=cta_texto_tributos_q2_2023&amp;utm_term=cta_texto_tributos&amp;utm_term=cta_texto_tributos_meio_materias\"><span>Conhe\u00e7a o <span class=\"jota\">JOTA<\/span> PRO Tributos, plataforma de monitoramento tribut\u00e1rio para empresas e escrit\u00f3rios com decis\u00f5es e movimenta\u00e7\u00f5es do Carf, STJ e STF<\/span><\/a><\/p>\n<p>\u00c9 nesse plano que se distingue a <em>ratio<\/em> do <em>obiter dictum<\/em>: a primeira estrutura o julgamento, enquanto o segundo apenas o acompanha, sem condicion\u00e1-lo, de modo que somente os fundamentos que resolvem a quest\u00e3o jur\u00eddica efetivamente posta e que se revelam necess\u00e1rios \u00e0 conclus\u00e3o adotada pela maioria podem ser qualificados como precedente propriamente dito, distinguindo-se das raz\u00f5es meramente incidentais ou argumentativas (<em>obiter dicta<\/em>).<\/p>\n<p>Essa precis\u00e3o metodol\u00f3gica torna-se especialmente relevante nos julgamentos que terminam por n\u00e3o conhecimento recursal. H\u00e1 uma tend\u00eancia intuitiva de supor que, se o recurso n\u00e3o foi conhecido, inexistiria enfrentamento jur\u00eddico apto a produzir orienta\u00e7\u00e3o. Essa conclus\u00e3o, contudo, apenas se sustenta quando o n\u00e3o conhecimento decorre de v\u00edcio processual aut\u00f4nomo e independente de qualquer defini\u00e7\u00e3o normativa pr\u00e9via. Quando o n\u00e3o conhecimento depende da resolu\u00e7\u00e3o antecedente de uma quest\u00e3o de direito, o fundamento que sustenta essa resolu\u00e7\u00e3o pode (e deve) ser examinado sob a lente da <em>ratio<\/em>.<\/p>\n<p>Foi exatamente esse o encadeamento verificado no REsp 1.808.639\/SP. A 2\u00aa Turma n\u00e3o conheceu do recurso especial porque a controv\u00e9rsia dizia respeito \u00e0 inexist\u00eancia de prova do pagamento efetivo na aquisi\u00e7\u00e3o da participa\u00e7\u00e3o societ\u00e1ria, mat\u00e9ria qualificada como f\u00e1tica e, portanto, obstada pela S\u00famula 7 do STJ.<\/p>\n<p>O ponto metodologicamente decisivo \u00e9 que, antes de aplicar o \u00f3bice probat\u00f3rio, o colegiado precisou enfrentar quest\u00e3o jur\u00eddica antecedente: se o \u00e1gio interno seria estruturalmente vedado sob o regime anterior \u00e0 Lei n\u00ba 12.973\/14.<\/p>\n<p>A resposta foi negativa: O Tribunal afirmou que inexistia veda\u00e7\u00e3o legal estrutural \u00e0 amortiza\u00e7\u00e3o do \u00e1gio intragrupo sob a Lei n\u00ba 9.532\/97, ressalvada a demonstra\u00e7\u00e3o concreta de artificialidade. Essa afirma\u00e7\u00e3o n\u00e3o \u00e9 perif\u00e9rica, \u00e9 condi\u00e7\u00e3o l\u00f3gica para que a controv\u00e9rsia pudesse ser qualificada como probat\u00f3ria. Logo, se o instituto fosse juridicamente inadmiss\u00edvel em abstrato, a prova do pagamento seria irrelevante e o recurso poderia ter sido resolvido por fundamento de direito, e n\u00e3o por \u00f3bice f\u00e1tico.<\/p>\n<p>A quest\u00e3o jur\u00eddica foi, portanto, enfrentada e resolvida como premissa necess\u00e1ria do n\u00e3o conhecimento. \u00c0 luz da t\u00e9cnica de precedentes, trata-se de fundamento determinante, pois o fato de o recurso n\u00e3o ter sido conhecido n\u00e3o neutraliza essa premissa, ao contr\u00e1rio, evidencia que o n\u00e3o conhecimento foi poss\u00edvel precisamente porque a admissibilidade jur\u00eddica do instituto foi previamente afirmada.<\/p>\n<p>Essa constata\u00e7\u00e3o \u00e9 decisiva para a compreens\u00e3o dos embargos de diverg\u00eancia em tr\u00e2mite na 1\u00aa Se\u00e7\u00e3o. A diverg\u00eancia apontada entre as Turmas n\u00e3o pode ser examinada apenas pela compara\u00e7\u00e3o de resultados. \u00c9 indispens\u00e1vel identificar quais fundamentos foram efetivamente determinantes em cada julgamento. Se a 1\u00aa Turma afirmou que n\u00e3o cabe presun\u00e7\u00e3o estrutural de indedutibilidade e a 2\u00aa Turma, no julgamento mais recente, reconhece a inexist\u00eancia de veda\u00e7\u00e3o legal estrutural, condicionando o controle \u00e0 prova de artificialidade, o n\u00facleo argumentativo tende a se estabilizar como premissa comum, ainda que sob diferentes \u00eanfases.<\/p>\n<p>A eventual tens\u00e3o desloca-se, assim, do plano da admissibilidade abstrata para o plano da intensidade do controle probat\u00f3rio. N\u00e3o se discute mais se o \u00e1gio interno \u00e9 juridicamente poss\u00edvel sob o regime anterior: discute-se qual o grau de rigor exigido na demonstra\u00e7\u00e3o de sua efetividade. Assim, a distin\u00e7\u00e3o \u00e9 relevante porque revela que a diverg\u00eancia pode ser menos estrutural do que inicialmente se sup\u00f4s.<\/p>\n<p>Se essa leitura se confirma, a 1\u00aa Se\u00e7\u00e3o ser\u00e1 chamada menos a inaugurar uma compreens\u00e3o e mais a reconhecer como <em>ratio<\/em> aquilo que j\u00e1 se imp\u00f5e como fundamento necess\u00e1rio nos julgamentos recentes: inexistindo veda\u00e7\u00e3o legal estrutural, o controle deve operar pela demonstra\u00e7\u00e3o concreta de artificialidade. A consolida\u00e7\u00e3o n\u00e3o consistir\u00e1 em inova\u00e7\u00e3o interpretativa, mas na estabiliza\u00e7\u00e3o expl\u00edcita de um n\u00facleo argumentativo que j\u00e1 condiciona o modo de decidir.<\/p>\n<p>\u00c9 nesse ponto que o n\u00e3o conhecimento revela sua dimens\u00e3o formadora: A aplica\u00e7\u00e3o da S\u00famula 7 do STJ n\u00e3o esvazia o conte\u00fado normativo do julgamento, mas pressup\u00f5e sua delimita\u00e7\u00e3o pr\u00e9via. O precedente come\u00e7a a se formar quando esse fundamento passa a ser reiterado e reconhecido como condi\u00e7\u00e3o l\u00f3gica dos desfechos subsequentes, ainda que n\u00e3o proclamado como tese formal.<\/p>\n<p>O momento institucional que se desenha \u00e9, portanto, de matura\u00e7\u00e3o: a 1\u00aa Se\u00e7\u00e3o n\u00e3o enfrentar\u00e1 apenas uma diverg\u00eancia epis\u00f3dica, mas a tarefa de identificar, com rigor t\u00e9cnico, o fundamento que governa o regime pret\u00e9rito do \u00e1gio interno e, com isso, estabilizar o padr\u00e3o decis\u00f3rio que orientar\u00e1 a rela\u00e7\u00e3o entre legalidade tribut\u00e1ria e controle de artificialidade nos casos subsequentes.<\/p>\n<p class=\"jota-cta\"><a href=\"https:\/\/conteudo.jota.info\/cadastro-em-newsletter-curadoria-jota-pro-tributos\">Receba de gra\u00e7a todas as sextas-feiras um resumo da semana tribut\u00e1ria no seu email<\/a><\/p>\n<p>A forma\u00e7\u00e3o do precedente, nesse contexto, n\u00e3o depende exclusivamente do dispositivo proclamado, mas da identifica\u00e7\u00e3o e estabiliza\u00e7\u00e3o da <em>ratio<\/em> que sustenta o julgamento.<\/p>\n<p>No tema do \u00e1gio interno, isso significa que a consolida\u00e7\u00e3o pode estar menos na proclama\u00e7\u00e3o formal de uma nova tese e mais no reconhecimento expl\u00edcito de um fundamento que j\u00e1 vem orientando, ainda que de maneira silenciosa, a din\u00e2mica decis\u00f3ria. E \u00e9 exatamente nessa identifica\u00e7\u00e3o (e n\u00e3o no resultado isolado) que se mede a coer\u00eancia institucional do sistema de precedentes brasileiro.<\/p>","protected":false},"excerpt":{"rendered":"<p>Se a Parte 1 revelou trajet\u00f3ria recente do \u00e1gio interno revela o deslocamento do controle estrutural para o exame probat\u00f3rio, a Parte 2 enfrenta quest\u00e3o metodologicamente anterior: quando, exatamente, se forma a ratio de um precedente? A resposta n\u00e3o pode ser buscada no dispositivo do julgamento, mas na identifica\u00e7\u00e3o da quest\u00e3o jur\u00eddica efetivamente enfrentada e [&hellip;]<\/p>\n","protected":false},"author":0,"featured_media":0,"comment_status":"open","ping_status":"open","sticky":false,"template":"","format":"standard","meta":[],"categories":[1],"tags":[],"_links":{"self":[{"href":"https:\/\/aprimora.site\/carvalhoalmeidaadvogados\/wp-json\/wp\/v2\/posts\/22504"}],"collection":[{"href":"https:\/\/aprimora.site\/carvalhoalmeidaadvogados\/wp-json\/wp\/v2\/posts"}],"about":[{"href":"https:\/\/aprimora.site\/carvalhoalmeidaadvogados\/wp-json\/wp\/v2\/types\/post"}],"replies":[{"embeddable":true,"href":"https:\/\/aprimora.site\/carvalhoalmeidaadvogados\/wp-json\/wp\/v2\/comments?post=22504"}],"version-history":[{"count":0,"href":"https:\/\/aprimora.site\/carvalhoalmeidaadvogados\/wp-json\/wp\/v2\/posts\/22504\/revisions"}],"wp:attachment":[{"href":"https:\/\/aprimora.site\/carvalhoalmeidaadvogados\/wp-json\/wp\/v2\/media?parent=22504"}],"wp:term":[{"taxonomy":"category","embeddable":true,"href":"https:\/\/aprimora.site\/carvalhoalmeidaadvogados\/wp-json\/wp\/v2\/categories?post=22504"},{"taxonomy":"post_tag","embeddable":true,"href":"https:\/\/aprimora.site\/carvalhoalmeidaadvogados\/wp-json\/wp\/v2\/tags?post=22504"}],"curies":[{"name":"wp","href":"https:\/\/api.w.org\/{rel}","templated":true}]}}