{"id":22500,"date":"2026-04-30T14:04:47","date_gmt":"2026-04-30T17:04:47","guid":{"rendered":"https:\/\/aprimora.site\/carvalhoalmeidaadvogados\/2026\/04\/30\/convencao-da-onu-diz-que-governos-nao-podem-se-prender-a-fosseis-para-enfrentar-crise\/"},"modified":"2026-04-30T14:04:47","modified_gmt":"2026-04-30T17:04:47","slug":"convencao-da-onu-diz-que-governos-nao-podem-se-prender-a-fosseis-para-enfrentar-crise","status":"publish","type":"post","link":"https:\/\/aprimora.site\/carvalhoalmeidaadvogados\/2026\/04\/30\/convencao-da-onu-diz-que-governos-nao-podem-se-prender-a-fosseis-para-enfrentar-crise\/","title":{"rendered":"Conven\u00e7\u00e3o da ONU diz que governos n\u00e3o podem se prender a f\u00f3sseis para enfrentar crise"},"content":{"rendered":"<p>Passados dois meses do in\u00edcio do ataque dos Estados Unidos e Israel ao Ir\u00e3, o secret\u00e1rio executivo da <span>Conven\u00e7\u00e3o-Quadro das Na\u00e7\u00f5es Unidas sobre a Mudan\u00e7a do Clima<\/span> (UNFCCC, na sigla em ingl\u00eas), Simon Stiell, afirmou que a crise dos pre\u00e7os de energia mant\u00e9m \u201co p\u00e9 no pesco\u00e7o da economia global\u201d. Ele tamb\u00e9m alertou para o risco de estagfla\u00e7\u00e3o e disse que os efeitos sociais e econ\u00f4micos destes movimentos se alastram como uma pandemia.<\/p>\n<p>A menos de dois meses da SB64, em Bonn, na Alemanha, a \u00faltima grande confer\u00eancia do clima da ONU antes da COP31 em novembro, Stiell afirmou que os governos n\u00e3o podem se prender aos f\u00f3sseis no longo prazo para enfrentar a crise atual. Mas devem aproveitar o <em>momentum<\/em> para quebrar a liga\u00e7\u00e3o entre os pre\u00e7os da eletricidade e os combust\u00edveis f\u00f3sseis para que as energias renov\u00e1veis de baixo custo reduzam as faturas.\u00a0E defendeu que se intensifique a coopera\u00e7\u00e3o internacional para transformar os compromissos globais em resultados na economia real \u2013 mais rapidamente.<\/p>\n<p class=\"jota-cta\"><a href=\"https:\/\/www.jota.info\/produtos\/poder?utm_source=cta-site&amp;utm_medium=site&amp;utm_campaign=campanha_poder_q2&amp;utm_id=cta_texto_poder_q2_2023&amp;utm_term=cta_texto_poder&amp;utm_term=cta_texto_poder_meio_materias\">Conhe\u00e7a o <span class=\"jota\">JOTA<\/span> PRO Poder, plataforma de monitoramento que oferece transpar\u00eancia e previsibilidade para empresas<\/a><\/p>\n<p>Diante deste cen\u00e1rio de crise, segundo ele, ficou imposs\u00edvel ignorar l\u00f3gica econ\u00f4mica das energias renov\u00e1veis, que \u201cn\u00e3o podem ser mantidas cativas por estreitos canais de navega\u00e7\u00e3o, ou conflitos globais\u201d.<\/p>\n<p>Na abertura do primeiro de uma s\u00e9rie de Di\u00e1logos de Alto N\u00edvel sobre a Transi\u00e7\u00e3o Energ\u00e9tica, organizados pela presid\u00eancia da COP31 e a AIE a caminho de Antalya, Stiell pediu foco mais imediato ao que chamou de \u00e1reas de maior urg\u00eancia e impacto: redes e armazenamento para que se chega ao pr\u00f3ximo n\u00edvel da transi\u00e7\u00e3o para a energia limpa, e a redu\u00e7\u00e3o do metano de modo a produzir benef\u00edcios clim\u00e1ticos r\u00e1pidos e ao mesmo tempo economizando dinheiro.<\/p>\n<p>Mas reiterou a necessidade de se superarem grandes barreiras a novos investimentos em energia limpa, incluindo a falta de financiamento e as crises de d\u00edvida, para os pa\u00edses em desenvolvimento que querem abra\u00e7ar a energia limpa e a resili\u00eancia clim\u00e1tica. Tamb\u00e9m falou em liberar o poder da Agenda de A\u00e7\u00e3o para o norte e sul global de forma equitativa e na import\u00e2ncia de se conclu\u00edrem a Nova Meta Coletiva Quantificada para o financiamento clim\u00e1tico na \u00edntegra e o Road Map para US$ 1,3 trilh\u00e3o.<\/p>\n<h2>Brasil n\u00e3o \u00e9 citado entre \u201cgrandes ricos em renov\u00e1veis\u201d<\/h2>\n<p>Em seu discurso, Stiell tamb\u00e9m citou os esfor\u00e7os de governos mundo afora para implementar planos de energias renov\u00e1veis como instrumento de restaura\u00e7\u00e3o da seguran\u00e7a nacional, da estabilidade econ\u00f4mica, da competitividade, da autonomia pol\u00edtica e da soberania fundamental.<\/p>\n<p>O curioso \u00e9 que, ao referir-se aos pa\u00edses \u201cricos em energias renov\u00e1veis\u201d que teriam sido protegidos de alguns dos piores impactos desta crise do custo de combust\u00edveis f\u00f3sseis, falou de Espanha e Paquist\u00e3o, sem mencionar o Brasil. Tamb\u00e9m citou Fran\u00e7a, que duplicou o financiamento para a eletrifica\u00e7\u00e3o, China, \u00cdndia, Indon\u00e9sia, Coreia do Sul, Alemanha, Reino Unido e outros pa\u00edses que estariam sendo \u201cclaros quanto ao fato de o avan\u00e7o da transi\u00e7\u00e3o para as energias renov\u00e1veis \u200b\u200bser um pilar da seguran\u00e7a energ\u00e9tica\u201d.<\/p>\n<p>Na avalia\u00e7\u00e3o de alguns especialistas ouvidos pelo <span class=\"jota\">JOTA<\/span>, isso demonstra que o foco de Stiell est\u00e1 possivelmente muito mais voltado para a eletrifica\u00e7\u00e3o do que para outros tipos de energias sustent\u00e1veis, como os biocombust\u00edveis, que est\u00e1 no topo da pauta da agenda energ\u00e9tica brasileira.<\/p>\n<p>Questionado sobre a aus\u00eancia do Brasil nas men\u00e7\u00f5es de Stiell, o presidente da COP30, Andr\u00e9 Corr\u00eaa do Lago, disse entender que ele esteja se referindo a pa\u00edses com pol\u00edticas recentes para renov\u00e1veis.<\/p>\n<p>\u201cO Brasil \u00e9 reconhecido h\u00e1 d\u00e9cadas como campe\u00e3o de renov\u00e1veis\u201d, afirmou ao <span class=\"jota\">JOTA<\/span>.<\/p>\n<p>\u201cNo ano passado, o investimento em energia limpa estava previsto para ser o dobro do dos combust\u00edveis f\u00f3sseis. A gera\u00e7\u00e3o solar aumentou 600 terawatts-hora em rela\u00e7\u00e3o a 2024, um aumento colossal \u2013 embora a transi\u00e7\u00e3o continue desigual\u201d, disse.<\/p>\n<h3><a href=\"https:\/\/conteudo.jota.info\/marketing-lp-newsletter-ultimas-noticias?utm_source=jota&amp;utm_medium=lp&amp;utm_campaign=23-09-2024-jota-lp-eleicoes-2024-eleicoes-2024-none-audiencias-none&amp;utm_content=eleicoes-2024&amp;utm_term=none\">Assine gratuitamente a newsletter \u00daltimas Not\u00edcias do <span class=\"jota\">JOTA<\/span> e receba as principais not\u00edcias jur\u00eddicas e pol\u00edticas do dia no seu email<\/a><\/h3>\n<p>Segundo Stiell, a grande ironia desta crise est\u00e1 no fato de que \u201caqueles que lutaram para manter o mundo viciado em combust\u00edveis f\u00f3sseis est\u00e3o, inadvertidamente, a impulsionar o boom global das energias renov\u00e1veis\u201d.<\/p>\n<p>Para o secret\u00e1rio Executivo do UNFCCC, deve-se ainda manter foco total na seguran\u00e7a alimentar, protegendo as colheitas dos choques clim\u00e1ticos, \u00e0 medida que a guerra leva \u00e0 escassez de fertilizantes, amea\u00e7ando 45 milh\u00f5es de pessoas com fome aguda este ano.<\/p>","protected":false},"excerpt":{"rendered":"<p>Passados dois meses do in\u00edcio do ataque dos Estados Unidos e Israel ao Ir\u00e3, o secret\u00e1rio executivo da Conven\u00e7\u00e3o-Quadro das Na\u00e7\u00f5es Unidas sobre a Mudan\u00e7a do Clima (UNFCCC, na sigla em ingl\u00eas), Simon Stiell, afirmou que a crise dos pre\u00e7os de energia mant\u00e9m \u201co p\u00e9 no pesco\u00e7o da economia global\u201d. Ele tamb\u00e9m alertou para o [&hellip;]<\/p>\n","protected":false},"author":0,"featured_media":0,"comment_status":"open","ping_status":"open","sticky":false,"template":"","format":"standard","meta":[],"categories":[1],"tags":[],"_links":{"self":[{"href":"https:\/\/aprimora.site\/carvalhoalmeidaadvogados\/wp-json\/wp\/v2\/posts\/22500"}],"collection":[{"href":"https:\/\/aprimora.site\/carvalhoalmeidaadvogados\/wp-json\/wp\/v2\/posts"}],"about":[{"href":"https:\/\/aprimora.site\/carvalhoalmeidaadvogados\/wp-json\/wp\/v2\/types\/post"}],"replies":[{"embeddable":true,"href":"https:\/\/aprimora.site\/carvalhoalmeidaadvogados\/wp-json\/wp\/v2\/comments?post=22500"}],"version-history":[{"count":0,"href":"https:\/\/aprimora.site\/carvalhoalmeidaadvogados\/wp-json\/wp\/v2\/posts\/22500\/revisions"}],"wp:attachment":[{"href":"https:\/\/aprimora.site\/carvalhoalmeidaadvogados\/wp-json\/wp\/v2\/media?parent=22500"}],"wp:term":[{"taxonomy":"category","embeddable":true,"href":"https:\/\/aprimora.site\/carvalhoalmeidaadvogados\/wp-json\/wp\/v2\/categories?post=22500"},{"taxonomy":"post_tag","embeddable":true,"href":"https:\/\/aprimora.site\/carvalhoalmeidaadvogados\/wp-json\/wp\/v2\/tags?post=22500"}],"curies":[{"name":"wp","href":"https:\/\/api.w.org\/{rel}","templated":true}]}}