{"id":22496,"date":"2026-04-30T13:00:15","date_gmt":"2026-04-30T16:00:15","guid":{"rendered":"https:\/\/aprimora.site\/carvalhoalmeidaadvogados\/2026\/04\/30\/stf-ao-vivo-desoneracao-da-folha-de-pagamentos-sessao-de-30-4-2026\/"},"modified":"2026-04-30T13:00:15","modified_gmt":"2026-04-30T16:00:15","slug":"stf-ao-vivo-desoneracao-da-folha-de-pagamentos-sessao-de-30-4-2026","status":"publish","type":"post","link":"https:\/\/aprimora.site\/carvalhoalmeidaadvogados\/2026\/04\/30\/stf-ao-vivo-desoneracao-da-folha-de-pagamentos-sessao-de-30-4-2026\/","title":{"rendered":"STF AO VIVO \u2013 Desonera\u00e7\u00e3o da folha de pagamentos \u2013 sess\u00e3o de 30\/4\/2026"},"content":{"rendered":"<p>O plen\u00e1rio do Supremo Tribunal Federal (<a href=\"https:\/\/www.jota.info\/tudo-sobre\/STF\">STF<\/a>) continua nesta quinta-feira (30\/4) o julgamento da A\u00e7\u00e3o Direta de Inconstitucionalidade <a href=\"https:\/\/portal.stf.jus.br\/processos\/detalhe.asp?incidente=6909105\">(ADI) 7633<\/a>,\u00a0que discute a desonera\u00e7\u00e3o da folha de pagamentos para 17 setores econ\u00f4micos e munic\u00edpios.<\/p>\n<p>A A\u00e7\u00e3o, interposta pelo Presidente Lula, questiona a constitucionalidade dos dispositivos da <a href=\"https:\/\/www.planalto.gov.br\/ccivil_03\/_ato2023-2026\/2023\/lei\/l14784.htm\">Lei 14.784\/2023<\/a> que prorrogaram a desonera\u00e7\u00e3o. O Executivo alega que a proposta foi aprovada\u202fsem\u202festimativa adequada\u202fde impacto or\u00e7ament\u00e1rio e financeiro da desonera\u00e7\u00e3o. O ministro Cristiano Zanin suspendeu parcialmente a norma e estabeleceu prazo para negocia\u00e7\u00e3o entre o Congresso Nacional e o Poder Executivo, da qual resultou o regime de transi\u00e7\u00e3o institu\u00eddo pela Lei 14.973\/2024.\u202f O julgamento retoma com o voto-vista do ministro Alexandre de Moraes.<\/p>\n<p class=\"jota-cta\"><a href=\"https:\/\/www.jota.info\/produtos\/poder?utm_source=cta-site&amp;utm_medium=site&amp;utm_campaign=campanha_poder_q2&amp;utm_id=cta_texto_poder_q2_2023&amp;utm_term=cta_texto_poder&amp;utm_term=cta_texto_poder_meio_materias\"><span>Conhe\u00e7a o <span class=\"jota\">JOTA<\/span> PRO Poder, plataforma de monitoramento que oferece transpar\u00eancia e previsibilidade para empresas<\/span><\/a><\/p>\n<p>Tamb\u00e9m est\u00e1 na agenda da Corte o julgamento do Recurso Extraordin\u00e1rio <a href=\"https:\/\/portal.stf.jus.br\/processos\/detalhe.asp?incidente=3845192\">(RE) 609517<\/a>,\u00a0<a href=\"https:\/\/portal.stf.jus.br\/jurisprudenciaRepercussao\/verAndamentoProcesso.asp?incidente=3845192&amp;numeroProcesso=609517&amp;classeProcesso=RE&amp;numeroTema=936\">Tema 936<\/a>\u00a0de repercuss\u00e3o geral. O recurso discute a exig\u00eancia de inscri\u00e7\u00e3o de advogado p\u00fablico nos quadros da Ordem dos Advogados do Brasil (<a href=\"https:\/\/www.jota.info\/tudo-sobre\/OAB\">OAB<\/a>) para o exerc\u00edcio de suas fun\u00e7\u00f5es. Ajuizado pela OAB \u2013 Seccional de Rond\u00f4nia contra ac\u00f3rd\u00e3o da Turma Recursal do Juizado Especial Federal da Se\u00e7\u00e3o Judici\u00e1ria daquele estado, o ato questionado manteve senten\u00e7a que condenou a Uni\u00e3o e a OAB-Rond\u00f4nia a se absterem de exigir a inscri\u00e7\u00e3o, nos quadros da seccional, de um integrante dos quadros da Advocacia-Geral da Uni\u00e3o (AGU). O julgamento deve continuar com devolu\u00e7\u00e3o de vista do ministro\u202fDias\u202fToffoli.<\/p>\n<p>Por fim, os ministros tamb\u00e9m podem julgar a A\u00e7\u00e3o Direta de Inconstitucionalidade\u00a0por Omiss\u00e3o\u00a0<a href=\"https:\/\/portal.stf.jus.br\/processos\/detalhe.asp?incidente=4063331\">(ADO) 13<\/a>, interposta pela Associa\u00e7\u00e3o dos Delegados de Pol\u00edcia do Brasil (Adepol-Brasil) contra o governador de Minas Gerais (MG). A Associa\u00e7\u00e3o alega omiss\u00e3o do Estado de Minas Gerais em propor lei estadual para instituir um regime de subs\u00eddio \u00fanico aos delegados de pol\u00edcia. H\u00e1 maioria formada pela proced\u00eancia do pedido.<\/p>\n<h2>Assista \u00e0 sess\u00e3o de julgamento do STF ao vivo<\/h2>\n<div class=\"sc-90442a14-6 hKnRSV\">\n<div class=\"jota-article__embed\"><\/div>\n<\/div>","protected":false},"excerpt":{"rendered":"<p>O plen\u00e1rio do Supremo Tribunal Federal (STF) continua nesta quinta-feira (30\/4) o julgamento da A\u00e7\u00e3o Direta de Inconstitucionalidade (ADI) 7633,\u00a0que discute a desonera\u00e7\u00e3o da folha de pagamentos para 17 setores econ\u00f4micos e munic\u00edpios. A A\u00e7\u00e3o, interposta pelo Presidente Lula, questiona a constitucionalidade dos dispositivos da Lei 14.784\/2023 que prorrogaram a desonera\u00e7\u00e3o. O Executivo alega que [&hellip;]<\/p>\n","protected":false},"author":0,"featured_media":0,"comment_status":"open","ping_status":"open","sticky":false,"template":"","format":"standard","meta":[],"categories":[1],"tags":[],"_links":{"self":[{"href":"https:\/\/aprimora.site\/carvalhoalmeidaadvogados\/wp-json\/wp\/v2\/posts\/22496"}],"collection":[{"href":"https:\/\/aprimora.site\/carvalhoalmeidaadvogados\/wp-json\/wp\/v2\/posts"}],"about":[{"href":"https:\/\/aprimora.site\/carvalhoalmeidaadvogados\/wp-json\/wp\/v2\/types\/post"}],"replies":[{"embeddable":true,"href":"https:\/\/aprimora.site\/carvalhoalmeidaadvogados\/wp-json\/wp\/v2\/comments?post=22496"}],"version-history":[{"count":0,"href":"https:\/\/aprimora.site\/carvalhoalmeidaadvogados\/wp-json\/wp\/v2\/posts\/22496\/revisions"}],"wp:attachment":[{"href":"https:\/\/aprimora.site\/carvalhoalmeidaadvogados\/wp-json\/wp\/v2\/media?parent=22496"}],"wp:term":[{"taxonomy":"category","embeddable":true,"href":"https:\/\/aprimora.site\/carvalhoalmeidaadvogados\/wp-json\/wp\/v2\/categories?post=22496"},{"taxonomy":"post_tag","embeddable":true,"href":"https:\/\/aprimora.site\/carvalhoalmeidaadvogados\/wp-json\/wp\/v2\/tags?post=22496"}],"curies":[{"name":"wp","href":"https:\/\/api.w.org\/{rel}","templated":true}]}}