{"id":22493,"date":"2026-04-30T14:30:42","date_gmt":"2026-04-30T17:30:42","guid":{"rendered":"https:\/\/aprimora.site\/carvalhoalmeidaadvogados\/?p=22493"},"modified":"2026-04-30T14:30:42","modified_gmt":"2026-04-30T17:30:42","slug":"trt-15-divulga-escala-de-plantao-judiciario-para-o-feriado-de-primeiro-de-maio-2","status":"publish","type":"post","link":"https:\/\/aprimora.site\/carvalhoalmeidaadvogados\/2026\/04\/30\/trt-15-divulga-escala-de-plantao-judiciario-para-o-feriado-de-primeiro-de-maio-2\/","title":{"rendered":"TRT-15 divulga escala de plant\u00e3o judici\u00e1rio para o feriado de Primeiro de Maio"},"content":{"rendered":"<p><span>TRT-15 divulga escala de plant\u00e3o judici\u00e1rio para o feriado de Primeiro de Maio<\/span><\/p>\n<div>  <a href=\"https:\/\/trt15.jus.br\/noticia\/2026\/trt-15-divulga-escala-de-plantao-judiciario-para-o-feriado-de-primeiro-de-maio\"><\/a>\n<\/div>\n<p><span><span>nelipimenta<\/span><\/span><\/p>\n<p><span>Qui, 30\/04\/2026 &#8211; 11:30<\/span><\/p>\n<div>\n<div>TRT-15 divulga escala de plant\u00e3o judici\u00e1rio para o feriado de Primeiro de Maio<\/div>\n<\/div>\n<div>\n<div class=\"visually-hidden\">Conte\u00fado da Not\u00edcia<\/div>\n<div>\n<p>Conforme a Portaria GP-CR n\u00ba 16\/2025, da Presid\u00eancia e da Corregedoria Regional, a Justi\u00e7a do Trabalho da 15\u00aa Regi\u00e3o n\u00e3o ter\u00e1 expediente normal nesta sexta-feira, Primeiro de Maio (Dia do Trabalhador). As atividades ordin\u00e1rias nas unidades de 1\u00aa e 2\u00aa inst\u00e2ncias da 15\u00aa Regi\u00e3o ser\u00e3o retomadas na segunda-feira (4\/5).<br \/>\nNo per\u00edodo de primeiro a 3 de maio, o Tribunal contar\u00e1 com plant\u00e3o judici\u00e1rio, das 9h \u00e0s 12h, para atendimento de casos urgentes. A rela\u00e7\u00e3o de desembargadores, ju\u00edzes e servidores que atuar\u00e3o no per\u00edodo est\u00e1 dispon\u00edvel nos Comunicados n\u00ba 033\/2026-GP\/SAM\u00a0 (2\u00ba grau) e\u00a0 n\u00ba 034\/2026-GP\/SAM (1\u00ba grau). Durante o plant\u00e3o judici\u00e1rio, eventuais demandas urgentes, sobretudo quando se referirem a quest\u00f5es de utiliza\u00e7\u00e3o ou acesso ao sistema PJe, ser\u00e3o atendidas por meio do telefone (19) 3236-2100.<\/p>\n<\/div><\/div>\n<div>\n<div>Unidade Respons\u00e1vel:<\/div>\n<div>Comunica\u00e7\u00e3o Social<\/div>\n<\/div>\n<div>Qui, 30\/04\/2026 &#8211; 11:30<\/div>\n<p>      <span class=\"a2a_kit a2a_kit_size_16 addtoany_list\"><a class=\"a2a_dd addtoany_share\" href=\"https:\/\/www.addtoany.com\/share#url=https%3A%2F%2Ftrt15.jus.br%2Fnoticia%2F2026%2Ftrt-15-divulga-escala-de-plantao-judiciario-para-o-feriado-de-primeiro-de-maio&amp;title=TRT-15%20divulga%20escala%20de%20plant%C3%A3o%20judici%C3%A1rio%20para%20o%20feriado%20de%20Primeiro%20de%20Maio\"><\/a><a class=\"a2a_button_whatsapp\"><\/a><a class=\"a2a_button_google_gmail\"><\/a><a class=\"a2a_button_twitter\"><\/a><a class=\"a2a_button_facebook\"><\/a><a class=\"a2a_button_linkedin\"><\/a><\/span><\/p>","protected":false},"excerpt":{"rendered":"<p>TRT-15 divulga escala de plant\u00e3o judici\u00e1rio para o feriado de Primeiro de Maio nelipimenta Qui, 30\/04\/2026 &#8211; 11:30 TRT-15 divulga escala de plant\u00e3o judici\u00e1rio para o feriado de Primeiro de Maio Conte\u00fado da Not\u00edcia Conforme a Portaria GP-CR n\u00ba 16\/2025, da Presid\u00eancia e da Corregedoria Regional, a Justi\u00e7a do Trabalho da 15\u00aa Regi\u00e3o n\u00e3o ter\u00e1 [&hellip;]<\/p>\n","protected":false},"author":0,"featured_media":10683,"comment_status":"open","ping_status":"open","sticky":false,"template":"","format":"standard","meta":[],"categories":[1],"tags":[],"_links":{"self":[{"href":"https:\/\/aprimora.site\/carvalhoalmeidaadvogados\/wp-json\/wp\/v2\/posts\/22493"}],"collection":[{"href":"https:\/\/aprimora.site\/carvalhoalmeidaadvogados\/wp-json\/wp\/v2\/posts"}],"about":[{"href":"https:\/\/aprimora.site\/carvalhoalmeidaadvogados\/wp-json\/wp\/v2\/types\/post"}],"replies":[{"embeddable":true,"href":"https:\/\/aprimora.site\/carvalhoalmeidaadvogados\/wp-json\/wp\/v2\/comments?post=22493"}],"version-history":[{"count":0,"href":"https:\/\/aprimora.site\/carvalhoalmeidaadvogados\/wp-json\/wp\/v2\/posts\/22493\/revisions"}],"wp:featuredmedia":[{"embeddable":true,"href":"https:\/\/aprimora.site\/carvalhoalmeidaadvogados\/wp-json\/wp\/v2\/media\/10683"}],"wp:attachment":[{"href":"https:\/\/aprimora.site\/carvalhoalmeidaadvogados\/wp-json\/wp\/v2\/media?parent=22493"}],"wp:term":[{"taxonomy":"category","embeddable":true,"href":"https:\/\/aprimora.site\/carvalhoalmeidaadvogados\/wp-json\/wp\/v2\/categories?post=22493"},{"taxonomy":"post_tag","embeddable":true,"href":"https:\/\/aprimora.site\/carvalhoalmeidaadvogados\/wp-json\/wp\/v2\/tags?post=22493"}],"curies":[{"name":"wp","href":"https:\/\/api.w.org\/{rel}","templated":true}]}}