{"id":22491,"date":"2026-04-30T10:58:45","date_gmt":"2026-04-30T13:58:45","guid":{"rendered":"https:\/\/aprimora.site\/carvalhoalmeidaadvogados\/2026\/04\/30\/jota-principal-derrota-do-governo-lula-com-rejeicao-de-messias-pressiona-tambem-o-stf\/"},"modified":"2026-04-30T10:58:45","modified_gmt":"2026-04-30T13:58:45","slug":"jota-principal-derrota-do-governo-lula-com-rejeicao-de-messias-pressiona-tambem-o-stf","status":"publish","type":"post","link":"https:\/\/aprimora.site\/carvalhoalmeidaadvogados\/2026\/04\/30\/jota-principal-derrota-do-governo-lula-com-rejeicao-de-messias-pressiona-tambem-o-stf\/","title":{"rendered":"JOTA Principal: Derrota do governo Lula com rejei\u00e7\u00e3o de Messias pressiona tamb\u00e9m o STF"},"content":{"rendered":"<div>Esta \u00e9 a vers\u00e3o online da newsletter <strong><span class=\"jota\">JOTA<\/span> Principal.<\/strong> Quer receber as pr\u00f3ximas edi\u00e7\u00f5es e acompanhar os principais temas do momento? <a href=\"https:\/\/conteudo.jota.info\/marketing-lp-newsletter-jota-principal-lancamento\" target=\"_blank\" rel=\"noopener\">Cadastre-se gratuitamente!<\/a><\/div>\n<p>\u201cVai perder por oito\u201d, sussurrou o presidente do Senado, Davi Alcolumbre, antes de proclamar o resultado hist\u00f3rico: a rejei\u00e7\u00e3o de um indicado ao Supremo Tribunal Federal pela primeira vez em 132 anos.<\/p>\n<p>Ao lado dele, o l\u00edder do governo na Casa, senador Jaques Wagner, apoiava-se no espaldar da cadeira. Ao encerrar a sess\u00e3o, Alcolumbre bateu na mesa, zuniu o microfone da TV Senado de sua gravata e, ao levantar-se, abra\u00e7ou o petista numa breve conversa ao p\u00e9 do ouvido.<\/p>\n<p>A derrota sem precedentes do governo Lula eleva a press\u00e3o tamb\u00e9m sobre o pr\u00f3prio Supremo Tribunal Federal, que j\u00e1 est\u00e1 na mira de senadores bolsonaristas e deve entrar no centro da campanha eleitoral, Marianna Holanda, Fl\u00e1via Maia e Fabio MuraKawa analisam na nota de abertura.<\/p>\n<p>A pouco menos de cinco meses do primeiro turno, todos os lados concordam que a disputa eleitoral foi um fator relevante, mas n\u00e3o o \u00fanico \u2014 num epis\u00f3dio que mobilizou n\u00e3o s\u00f3 articula\u00e7\u00f5es do governo e da oposi\u00e7\u00e3o, mas tamb\u00e9m ministros do pr\u00f3prio Supremo a favor e contra a indica\u00e7\u00e3o.<\/p>\n<p>Nesta edi\u00e7\u00e3o, reunimos as primeiras rea\u00e7\u00f5es e os pontos de incerteza que ser\u00e3o foco dos pr\u00f3ximos desdobramentos.<\/p>\n<p>A <strong><span class=\"jota\">JOTA<\/span> Principal <\/strong>volta na segunda-feira (4).<\/p>\n<p>Boa leitura e bom feriado.<\/p>\n<h3>1. O ponto central: Tapa na mesa<\/h3>\n<p><strong>O movimento que resultou na rejei\u00e7\u00e3o de Jorge Messias contou com a oposi\u00e7\u00e3o em peso e teve Alcolumbre como principal articulador,<\/strong> <a href=\"https:\/\/www.jota.info\/legislativo\/senado-da-demonstracao-de-forca-com-derrota-historica-a-lula-e-eleva-pressao-sobre-stf\" target=\"_blank\" rel=\"noopener\">Marianna Holanda, Fl\u00e1via Maia e Fabio MuraKawa escrevem no <\/a><strong><a href=\"https:\/\/www.jota.info\/legislativo\/senado-da-demonstracao-de-forca-com-derrota-historica-a-lula-e-eleva-pressao-sobre-stf\" target=\"_blank\" rel=\"noopener\"><span class=\"jota\">JOTA<\/span><\/a><\/strong><strong>.<\/strong><\/p>\n<p>Durante a sabatina de Messias, Alcolumbre passou o dia telefonando para senadores, em busca de aus\u00eancias e votos contr\u00e1rios.<br \/>\nDias antes, a oposi\u00e7\u00e3o j\u00e1 havia apresentado a ele uma rela\u00e7\u00e3o de nomes que poderiam estar na mira das ofensivas do presidente da Casa.<br \/>\nO placar de apenas 34 votos favor\u00e1veis surpreendeu at\u00e9 integrantes do PL, que estavam incertos do resultado at\u00e9 momentos antes.<br \/>\nA guinada ficou mais clara quando o l\u00edder da oposi\u00e7\u00e3o e coordenador da campanha de Fl\u00e1vio Bolsonaro, Rog\u00e9rio Marinho, e o senador Ciro Nogueira sentaram-se ao lado de Alcolumbre no momento da vota\u00e7\u00e3o.<\/p>\n<p><strong>Se o placar pegou a oposi\u00e7\u00e3o de surpresa, foi ainda pior para o governo.<\/strong><\/p>\n<p>Ao longo do dia, a expectativa era de um placar pouco acima do m\u00ednimo necess\u00e1rio para a aprova\u00e7\u00e3o, de 41 votos.<br \/>\nChegou a circular a possibilidade de Alcolumbre adiar a vota\u00e7\u00e3o em plen\u00e1rio, o que significaria que o governo tinha votos, mas que o presidente do Senado gostaria de impor algum tipo de derrota.<br \/>\nPor fim, o resultado com t\u00e3o poucos votos favor\u00e1veis pegou todos de surpresa e foi recebido at\u00e9 com l\u00e1grimas por aliados de Messias.<\/p>\n<p><strong>A derrota de Messias tamb\u00e9m serve como sinaliza\u00e7\u00e3o do poder do Senado perante o Supremo.<\/strong><\/p>\n<p>Um dos principais articuladores em favor de Messias foi o ministro Andr\u00e9 Mendon\u00e7a, a quem o indicado agradeceu publicamente durante sua sabatina.<br \/>\nMendon\u00e7a, no entanto, \u00e9 desafeto de Alcolumbre, o que refor\u00e7a a leitura de que o presidente da Casa saiu vitorioso.<\/p>\n<p><strong>\ud83d\udd2e O que observar:<\/strong> Aliados de Alcolumbre alertam que, acima de tudo, esta foi uma vit\u00f3ria dele e muda de vez a forma como um presidente da Rep\u00fablica conduz indica\u00e7\u00f5es.<\/p>\n<p>A leitura desses aliados \u00e9 que nada passa sem o aval do presidente do Senado.<br \/>\nAinda assim, para eles, a derrota de Messias n\u00e3o significa que Alcolumbre embarca numa campanha bolsonarista.<br \/>\nNem tampouco que a governabilidade est\u00e1 completamente comprometida.<br \/>\nAinda \u00e9 poss\u00edvel recompor, mas isso exigir\u00e1 do governo um pre\u00e7o ainda mais alto.<br \/>\nAcima de tudo, exigir\u00e1 gestos e compromissos que Lula n\u00e3o deu nos \u00faltimos meses.<br \/>\nPouco ap\u00f3s a derrota, um aliado palaciano disse que, nos \u00faltimos dias, alertou o Planalto de que era preciso mais da parte do presidente para Alcolumbre.<\/p>\n<p><strong>\u23e9 Pela frente: <\/strong>A tend\u00eancia \u00e9 que n\u00e3o haja nova vota\u00e7\u00e3o para o STF antes da disputa eleitoral.<\/p>\n<p><strong>UMA MENSAGEM DA OpenAI<\/strong><\/p>\n<h3>O que uma boa regula\u00e7\u00e3o precisaria ter<\/h3>\n<p><span>Cr\u00e9dito: Getty Images<\/span><\/p>\n<p>Especialistas ouvidos pelo <strong>Est\u00fadio <span class=\"jota\">JOTA<\/span><\/strong> apontam tr\u00eas caminhos para que a regula\u00e7\u00e3o da intelig\u00eancia artificial (IA) que n\u00e3o trave a inova\u00e7\u00e3o:<\/p>\n<p>ambientes experimentais setoriais com crit\u00e9rios claros;<br \/>\nconformidade proporcional ao risco real da aplica\u00e7\u00e3o; e<br \/>\nreconhecimento de boas pr\u00e1ticas j\u00e1 adotadas.<\/p>\n<p>Para Claudia Schulz, da Associa\u00e7\u00e3o Brasileira de Startups (ABStartups), uma boa regula\u00e7\u00e3o n\u00e3o \u00e9 a mais pesada. \u00c9 a que protege direitos sem matar a entrada de novos inovadores.<\/p>\n<p><strong>O que est\u00e1 em jogo:<\/strong> A forma como o PL 2.338\/2023 for regulamentado pode definir se o Brasil se posiciona como produtor ou consumidor de tecnologia na corrida global pela intelig\u00eancia artificial.<\/p>\n<p><a href=\"https:\/\/portal.jota.info\/coberturas-especiais\/regulacao-da-inteligencia-artificial\/inovar-ou-obedecer-o-dilema-das-startups-brasileiras-diante-do-pl-de-ia\">Leia mais.<\/a><\/p>\n<h3>2. \u2018Ato hostil\u2019<\/h3>\n<p><strong>Integrantes do governo dizem nos bastidores que a rejei\u00e7\u00e3o de Messias representa um \u201cato hostil\u201d por parte do presidente do Senado,<\/strong> Holanda, Maia e MuraKawa prosseguem na an\u00e1lise.<\/p>\n<p>A vota\u00e7\u00e3o chocou interlocutores do Planalto que se deslocaram ao Congresso para acompanhar a sabatina.<\/p>\n<p><strong>Apesar do sentimento de revolta em seu entorno, Lula n\u00e3o deve colocar mais gasolina no inc\u00eandio.<\/strong><\/p>\n<p>A postura, alinhada com o presidente e alguns de seus conselheiros mais pr\u00f3ximos no in\u00edcio da noite, \u00e9 n\u00e3o tratar a derrota como uma ruptura definitiva com Alcolumbre.<br \/>\nTampouco os discursos ir\u00e3o no sentido de que h\u00e1 uma crise institucional.<br \/>\nEntretanto, alguns defender\u00e3o o retorno da ret\u00f3rica do \u201cCongresso inimigo do povo\u201d, para explicar \u00e0 popula\u00e7\u00e3o que o Senado rejeitou um homem honrado, evang\u00e9lico e sem m\u00e1culas no curr\u00edculo.<\/p>\n<p><strong>\ud83d\udd75\ufe0f Nos bastidores:<\/strong> Auxiliares de Lula veem duas motiva\u00e7\u00f5es principais na atitude de Alcolumbre.<\/p>\n<p>A primeira \u00e9 dar uma demonstra\u00e7\u00e3o de for\u00e7a e enviar o recado de que, na atual conjuntura, n\u00e3o \u00e9 poss\u00edvel ao chefe do Executivo fazer uma indica\u00e7\u00e3o ao STF com pouco ou nenhum di\u00e1logo com o comando do Congresso.<br \/>\nA segunda aponta para 2027, quando haver\u00e1 nova elei\u00e7\u00e3o para a presid\u00eancia do Senado.<br \/>\nNa leitura de fontes do governo petista, Alcolumbre entrega ao bolsonarismo a cabe\u00e7a de Messias e dever\u00e1 completar o ciclo com a derrubada dos vetos de Lula ao projeto da dosimetria.<\/p>\n<h3>3. \u2018Sabemos quem promoveu isso\u2019<\/h3>\n<p><span>Jorge Messias durante a sabatina na CCJ \/ Cr\u00e9dito: Lula Marques\/Ag\u00eancia Brasil<\/span><\/p>\n<p><strong>Jorge Messias fez um breve pronunciamento ap\u00f3s ser rejeitado pelo Senado \u00e0 vaga de ministro do Supremo,<\/strong> <a href=\"https:\/\/www.jota.info\/legislativo\/nao-e-simples-alguem-com-minha-trajetoria-passar-por-reprovacao-diz-messias-rejeitado-para-o-stf\" target=\"_blank\" rel=\"noopener\">Fl\u00e1via Maia e Maria Eduarda Portela registram no <\/a><strong><a href=\"https:\/\/www.jota.info\/legislativo\/nao-e-simples-alguem-com-minha-trajetoria-passar-por-reprovacao-diz-messias-rejeitado-para-o-stf\" target=\"_blank\" rel=\"noopener\"><span class=\"jota\">JOTA<\/span><\/a><\/strong><strong>.<\/strong><\/p>\n<p>O advogado-geral da Uni\u00e3o destacou a frustra\u00e7\u00e3o pessoal, disse que o Senado \u00e9 soberano em suas decis\u00f5es e condenou o que chamou de \u201cmentiras\u201d para desconstruir a sua imagem.<br \/>\n\u201cN\u00e3o \u00e9 simples algu\u00e9m com a minha trajet\u00f3ria passar por uma reprova\u00e7\u00e3o\u201d, disse, emocionado.<br \/>\nMessias destacou que \u00e9 funcion\u00e1rio p\u00fablico e que a carreira dele n\u00e3o se encerra agora.<br \/>\nSem entrar em detalhes, disse que sofreu \u201ctoda sorte de mentiras\u201d para \u201cdesconstruir a imagem\u201d e completou: \u201cN\u00f3s sabemos quem promoveu isso\u201d.<\/p>\n<h3>4. \u2018O governo acabou\u2019<\/h3>\n<p><span>Fl\u00e1vio Bolsonaro e Jaques Wagner conversam no plen\u00e1rio do Senado \/ Cr\u00e9dito: Waldemir Barreto\/Ag\u00eancia Senado<\/span><\/p>\n<p><strong>Fl\u00e1vio Bolsonaro afirmou que a rejei\u00e7\u00e3o de Messias indica o fim da governabilidade de Lula,<\/strong> <a href=\"https:\/\/www.jota.info\/legislativo\/flavio-bolsonaro-diz-que-derrota-de-messias-e-sinal-de-que-governo-lula-acabou\" target=\"_blank\" rel=\"noopener\">Lu\u00edsa Carvalho e Fl\u00e1via Maia registram no <\/a><strong><a href=\"https:\/\/www.jota.info\/legislativo\/flavio-bolsonaro-diz-que-derrota-de-messias-e-sinal-de-que-governo-lula-acabou\" target=\"_blank\" rel=\"noopener\"><span class=\"jota\">JOTA<\/span><\/a><\/strong><strong>.<\/strong><\/p>\n<p>\u201cPara mim, com essa vota\u00e7\u00e3o, o governo acabou\u201d, disse o senador e presidenci\u00e1vel.<br \/>\n\u201cEssa \u00e9 a prova de que o governo Lula n\u00e3o tem mais governabilidade\u201d, disse ap\u00f3s a sess\u00e3o do Senado.<br \/>\n\u201c\u00c9 um governo que n\u00e3o consegue mostrar tra\u00e7\u00e3o, n\u00e3o consegue dar uma esperan\u00e7a para a popula\u00e7\u00e3o, n\u00e3o resolve os problemas da sociedade, trata mal a classe pol\u00edtica como um todo\u201d, continuou.<br \/>\n\u201cA \u00fanica certeza que eu tenho \u00e9 que a partir de 2027 o Lula n\u00e3o ser\u00e1 mais presidente da Rep\u00fablica, e eu acho s\u00f3 que eu estou errando a data: pode ser a partir de 2026.\u201d<\/p>\n<h3>5. O fator eleitoral<\/h3>\n<p><span>Randolfe Rodrigues em entrevista ap\u00f3s a rejei\u00e7\u00e3o de Messias \/ Cr\u00e9dito: Ton Molina\/Ag\u00eancia Senado<\/span><\/p>\n<p><strong>O l\u00edder do governo no Congresso, senador Randolfe Rodrigues, disse que o ambiente eleitoral pressionou a vota\u00e7\u00e3o da indica\u00e7\u00e3o de Messias,<\/strong> <a href=\"https:\/\/www.jota.info\/legislativo\/eleicao-pressionou-resultado-negativo-de-jorge-messias-avalia-governo\" target=\"_blank\" rel=\"noopener\">Maria Eduarda Portela e Fl\u00e1via Maia escrevem no <\/a><strong><a href=\"https:\/\/www.jota.info\/legislativo\/eleicao-pressionou-resultado-negativo-de-jorge-messias-avalia-governo\" target=\"_blank\" rel=\"noopener\"><span class=\"jota\">JOTA<\/span><\/a><\/strong><strong>.<\/strong><\/p>\n<p>Segundo o l\u00edder do governo, a derrota n\u00e3o altera a rela\u00e7\u00e3o institucional entre o Planalto e o Congresso.<br \/>\n\u201cContinua a mesma rela\u00e7\u00e3o, n\u00f3s j\u00e1 tivemos vit\u00f3rias e derrotas nesse Senado, no Congresso Nacional e no plen\u00e1rio da C\u00e2mara dos Deputados, e a rela\u00e7\u00e3o institucional n\u00e3o mudou\u201d, completou.<\/p>\n<p><strong>Aliado de Lula, o presidente da CCJ, senador Otto Alencar, lamentou o resultado <\/strong>e defendeu que o advogado-geral da Uni\u00e3o tinha condi\u00e7\u00f5es de ocupar a vaga no Supremo.<\/p>\n<p>\u201cEu votei a favor do Messias. Acredito que ele reuniu todas as condi\u00e7\u00f5es de ser um bom ministro do Supremo Tribunal Federal, respeito o voto de cada um e na minha an\u00e1lise \u00e9 agora procurar continuar a vida dele\u201d, afirmou.<\/p>\n<p><strong>Relator da indica\u00e7\u00e3o, Weverton Rocha classificou o resultado como uma \u201cderrota para o governo\u201d e tamb\u00e9m atribuiu parte do placar ao ambiente eleitoral.<\/strong><\/p>\n<p>Para ele, a vota\u00e7\u00e3o reuniu votos da oposi\u00e7\u00e3o e de senadores independentes que quiseram mandar um recado em ano de elei\u00e7\u00e3o.<br \/>\n\u201cVoc\u00ea tem uma mistura, nesse n\u00famero, de senadores que j\u00e1 s\u00e3o da oposi\u00e7\u00e3o e que tinham direito, claro, de criar uma expectativa de que votaria no secreto e, na hora, ficar muito \u00e0 vontade de votar no que j\u00e1 tinha falado\u201d, disse.<br \/>\n\u201cMas tem tamb\u00e9m votos de senadores que t\u00eam essa rela\u00e7\u00e3o independente na Casa e que tamb\u00e9m precisava, ou quer, de alguma forma, em v\u00e9spera de elei\u00e7\u00e3o mandar o recado.\u201d<\/p>\n<h3>6. \u00c9ramos onze<\/h3>\n<p><span>O presidente do Supremo, Edson Fachin \/ Cr\u00e9dito: Luiz Silveira\/STF<\/span><\/p>\n<p><strong>Ap\u00f3s a reprova\u00e7\u00e3o de Messias, o presidente do STF, Edson Fachin, comunicou em nota que o tribunal aguarda \u201ccom a serenidade e o senso de responsabilidade institucional\u201d as provid\u00eancias para o preenchimento da vaga.<\/strong><\/p>\n<p>\u201cReitera, igualmente, o respeito \u00e0 hist\u00f3ria pessoal e institucional de todos os agentes p\u00fablicos envolvidos no processo, reconhecendo que a vida republicana se fortalece quando diverg\u00eancias s\u00e3o tratadas com eleva\u00e7\u00e3o, urbanidade e responsabilidade p\u00fablica.\u201d<\/p>\n<h3>7. Opera\u00e7\u00e3o ca\u00e7a-voto<\/h3>\n<p><span>Lula em evento em Portugal \/ Cr\u00e9dito: Zed Jameson\/Anadolu via Getty Images<\/span><\/p>\n<p><strong>A \u00e1gua bateu no pesco\u00e7o de Lula \u2014 que decidiu, nas \u00faltimas semanas, acelerar uma s\u00e9rie de medidas com o objetivo de recuperar a popularidade,<\/strong> <a href=\"https:\/\/www.jota.info\/opiniao-e-analise\/colunas\/coluna-do-mura\/com-reeleicao-ameacada-lula-acelera-operacao-caca-voto-com-medidas-de-apelo-popular\" target=\"_blank\" rel=\"noopener\">Fabio MuraKawa escreve em sua coluna no <\/a><strong><a href=\"https:\/\/www.jota.info\/opiniao-e-analise\/colunas\/coluna-do-mura\/com-reeleicao-ameacada-lula-acelera-operacao-caca-voto-com-medidas-de-apelo-popular\" target=\"_blank\" rel=\"noopener\"><span class=\"jota\">JOTA<\/span><\/a><\/strong><strong>.<\/strong><\/p>\n<p>\ud83d\ude99 No gesto mais recente, o Minist\u00e9rio dos Transportes decidiu suspender 3,4 milh\u00f5es de multas aplicadas no sistema de ped\u00e1gio eletr\u00f4nico nas rodovias brasileiras, os chamados \u201cfree flow\u201d.<\/p>\n<p>\u26fd Dias antes, a contragosto dos t\u00e9cnicos da pr\u00f3pria pasta, a Fazenda havia anunciado a redu\u00e7\u00e3o das al\u00edquotas de PIS\/Cofins sobre a gasolina, assim como j\u00e1 havia feito com o diesel.<\/p>\n<p>\ud83d\udc5a O pr\u00f3ximo alvo deve ser a taxa das blusinhas, tamb\u00e9m contrariando o que defende a equipe econ\u00f4mica.<\/p>\n<p><strong>O movimento ocorre em um contexto delicado para o presidente.<\/strong><\/p>\n<p>N\u00e3o tanto pelo crescimento de Fl\u00e1vio Bolsonaro nas pesquisas \u2014 dado relevante, por\u00e9m secund\u00e1rio neste momento do ano eleitoral \u2014, mas pela dificuldade do petista de alavancar a pr\u00f3pria aprova\u00e7\u00e3o e a de seu governo.<br \/>\nEm todos os levantamentos, o saldo \u00e9 negativo para Lula, que tem enorme rejei\u00e7\u00e3o, equivalente \u00e0 do rival.<\/p>\n<p><a href=\"https:\/\/www.jota.info\/opiniao-e-analise\/colunas\/coluna-do-mura\/com-reeleicao-ameacada-lula-acelera-operacao-caca-voto-com-medidas-de-apelo-popular\" target=\"_blank\" rel=\"noopener\">Leia a \u00edntegra da coluna.<\/a><\/p>","protected":false},"excerpt":{"rendered":"<p>Esta \u00e9 a vers\u00e3o online da newsletter JOTA Principal. Quer receber as pr\u00f3ximas edi\u00e7\u00f5es e acompanhar os principais temas do momento? Cadastre-se gratuitamente! \u201cVai perder por oito\u201d, sussurrou o presidente do Senado, Davi Alcolumbre, antes de proclamar o resultado hist\u00f3rico: a rejei\u00e7\u00e3o de um indicado ao Supremo Tribunal Federal pela primeira vez em 132 anos. [&hellip;]<\/p>\n","protected":false},"author":0,"featured_media":0,"comment_status":"open","ping_status":"open","sticky":false,"template":"","format":"standard","meta":[],"categories":[1],"tags":[],"_links":{"self":[{"href":"https:\/\/aprimora.site\/carvalhoalmeidaadvogados\/wp-json\/wp\/v2\/posts\/22491"}],"collection":[{"href":"https:\/\/aprimora.site\/carvalhoalmeidaadvogados\/wp-json\/wp\/v2\/posts"}],"about":[{"href":"https:\/\/aprimora.site\/carvalhoalmeidaadvogados\/wp-json\/wp\/v2\/types\/post"}],"replies":[{"embeddable":true,"href":"https:\/\/aprimora.site\/carvalhoalmeidaadvogados\/wp-json\/wp\/v2\/comments?post=22491"}],"version-history":[{"count":0,"href":"https:\/\/aprimora.site\/carvalhoalmeidaadvogados\/wp-json\/wp\/v2\/posts\/22491\/revisions"}],"wp:attachment":[{"href":"https:\/\/aprimora.site\/carvalhoalmeidaadvogados\/wp-json\/wp\/v2\/media?parent=22491"}],"wp:term":[{"taxonomy":"category","embeddable":true,"href":"https:\/\/aprimora.site\/carvalhoalmeidaadvogados\/wp-json\/wp\/v2\/categories?post=22491"},{"taxonomy":"post_tag","embeddable":true,"href":"https:\/\/aprimora.site\/carvalhoalmeidaadvogados\/wp-json\/wp\/v2\/tags?post=22491"}],"curies":[{"name":"wp","href":"https:\/\/api.w.org\/{rel}","templated":true}]}}