{"id":22488,"date":"2026-04-30T10:58:45","date_gmt":"2026-04-30T13:58:45","guid":{"rendered":"https:\/\/aprimora.site\/carvalhoalmeidaadvogados\/2026\/04\/30\/governo-lula-ve-ato-hostil-de-alcolumbre-mas-evita-tratar-derrota-como-ruptura\/"},"modified":"2026-04-30T10:58:45","modified_gmt":"2026-04-30T13:58:45","slug":"governo-lula-ve-ato-hostil-de-alcolumbre-mas-evita-tratar-derrota-como-ruptura","status":"publish","type":"post","link":"https:\/\/aprimora.site\/carvalhoalmeidaadvogados\/2026\/04\/30\/governo-lula-ve-ato-hostil-de-alcolumbre-mas-evita-tratar-derrota-como-ruptura\/","title":{"rendered":"Governo Lula v\u00ea \u2018ato hostil\u2019 de Alcolumbre, mas evita tratar derrota como ruptura"},"content":{"rendered":"<p>Integrantes do governo <a href=\"https:\/\/www.jota.info\/tudo-sobre\/lula\">Luiz In\u00e1cio Lula da Silva<\/a> (PT) dizem nos bastidores que a rejei\u00e7\u00e3o de Jorge Messias representa um \u201cato hostil\u201d de parte do presidente do Senado, Davi Alcolumbre (Uni\u00e3o-AP). A <a href=\"https:\/\/www.jota.info\/stf\/do-supremo\/antes-de-messias-senado-rejeitou-apenas-cinco-indicados-para-o-stf-ha-132-anos\">vota\u00e7\u00e3o hist\u00f3rica n\u00e3o apenas surpreendeu<\/a>, mas chocou interlocutores do Planalto que se deslocaram ao Congresso para acompanhar a sabatina do advogado-geral da Uni\u00e3o.<\/p>\n<p>Apesar do sentimento de revolta em seu entorno, o presidente Lula n\u00e3o deve colocar mais gasolina no fogo. A postura, alinhada com o presidente e alguns de seus conselheiros mais pr\u00f3ximos no in\u00edcio da noite, \u00e9 n\u00e3o tratar a derrota como uma ruptura definitiva com Alcolumbre. Tampouco os discursos ir\u00e3o no sentido de que h\u00e1 uma crise institucional. Entretanto, alguns defender\u00e3o o retorno da ret\u00f3rica do \u201cCongresso inimigo do povo\u201d, para explicar \u00e0 popula\u00e7\u00e3o que o Senado rejeitou um homem honrado, evang\u00e9lico e sem m\u00e1culas no curr\u00edculo.<\/p>\n<p class=\"jota-cta\"><a href=\"https:\/\/www.jota.info\/produtos\/poder?utm_source=cta-site&amp;utm_medium=site&amp;utm_campaign=campanha_poder_q2&amp;utm_id=cta_texto_poder_q2_2023&amp;utm_term=cta_texto_poder&amp;utm_term=cta_texto_poder_meio_materias\">Conhe\u00e7a o <span class=\"jota\">JOTA<\/span> PRO Poder, plataforma de monitoramento que oferece transpar\u00eancia e previsibilidade para empresas<\/a><\/p>\n<p>Tamb\u00e9m nos bastidores, auxiliares de Lula veem duas motiva\u00e7\u00f5es principais na atitude de Alcolumbre. A primeira \u00e9 dar <a href=\"https:\/\/www.jota.info\/legislativo\/senado-da-demonstracao-de-forca-com-derrota-historica-a-lula-e-eleva-pressao-sobre-stf\">uma demonstra\u00e7\u00e3o de for\u00e7a<\/a> e enviar o recado de que, na atual conjuntura, n\u00e3o \u00e9 poss\u00edvel ao chefe do Executivo fazer uma indica\u00e7\u00e3o ao STF com pouco ou nenhum di\u00e1logo com o comando do Congresso.<\/p>\n<p>A segunda aponta para 2027, quando haver\u00e1 nova elei\u00e7\u00e3o para a presid\u00eancia do Senado. Na leitura de fontes do governo petista, Alcolumbre entrega ao bolsonarismo a cabe\u00e7a de Messias e dever\u00e1 completar o ciclo nesta quinta-feira com a derrubada dos vetos de Lula ao projeto da dosimetria.<\/p>\n<p>A depender do resultado da elei\u00e7\u00e3o presidencial, caso Fl\u00e1vio Bolsonaro saia vencedor em outubro, um impeachment de ministro do Supremo tamb\u00e9m poder\u00e1 estar no card\u00e1pio de Alcolumbre para viabilizar sua recondu\u00e7\u00e3o ao comando do Senado, ainda na interpreta\u00e7\u00e3o de fontes do governo petista. Por outro lado, se Lula for reeleito, Alcolumbre deve ter menos dificuldade para conseguir os votos da oposi\u00e7\u00e3o.<\/p>\n<p>Ap\u00f3s a vota\u00e7\u00e3o, Messias e articuladores do governo permaneceram cerca de uma hora na sala da lideran\u00e7a do PT no Senado. Ele concedeu entrevista coletiva e deixou a Casa acompanhado de Jos\u00e9 Guimar\u00e3es, da articula\u00e7\u00e3o pol\u00edtica do governo, rumo ao Pal\u00e1cio da Alvorada, onde encontrariam o presidente Lula.<\/p>\n<p class=\"jota-cta\"><a href=\"https:\/\/conteudo.jota.info\/marketing-lp-newsletter-ultimas-noticias?utm_source=jota&amp;utm_medium=lp&amp;utm_campaign=23-09-2024-jota-lp-eleicoes-2024-eleicoes-2024-none-audiencias-none&amp;utm_content=eleicoes-2024&amp;utm_term=none\">Assine gratuitamente a newsletter \u00daltimas Not\u00edcias do <span class=\"jota\">JOTA<\/span> e receba as principais not\u00edcias jur\u00eddicas e pol\u00edticas do dia no seu email<\/a><\/p>","protected":false},"excerpt":{"rendered":"<p>Integrantes do governo Luiz In\u00e1cio Lula da Silva (PT) dizem nos bastidores que a rejei\u00e7\u00e3o de Jorge Messias representa um \u201cato hostil\u201d de parte do presidente do Senado, Davi Alcolumbre (Uni\u00e3o-AP). A vota\u00e7\u00e3o hist\u00f3rica n\u00e3o apenas surpreendeu, mas chocou interlocutores do Planalto que se deslocaram ao Congresso para acompanhar a sabatina do advogado-geral da Uni\u00e3o. [&hellip;]<\/p>\n","protected":false},"author":0,"featured_media":0,"comment_status":"open","ping_status":"open","sticky":false,"template":"","format":"standard","meta":[],"categories":[1],"tags":[],"_links":{"self":[{"href":"https:\/\/aprimora.site\/carvalhoalmeidaadvogados\/wp-json\/wp\/v2\/posts\/22488"}],"collection":[{"href":"https:\/\/aprimora.site\/carvalhoalmeidaadvogados\/wp-json\/wp\/v2\/posts"}],"about":[{"href":"https:\/\/aprimora.site\/carvalhoalmeidaadvogados\/wp-json\/wp\/v2\/types\/post"}],"replies":[{"embeddable":true,"href":"https:\/\/aprimora.site\/carvalhoalmeidaadvogados\/wp-json\/wp\/v2\/comments?post=22488"}],"version-history":[{"count":0,"href":"https:\/\/aprimora.site\/carvalhoalmeidaadvogados\/wp-json\/wp\/v2\/posts\/22488\/revisions"}],"wp:attachment":[{"href":"https:\/\/aprimora.site\/carvalhoalmeidaadvogados\/wp-json\/wp\/v2\/media?parent=22488"}],"wp:term":[{"taxonomy":"category","embeddable":true,"href":"https:\/\/aprimora.site\/carvalhoalmeidaadvogados\/wp-json\/wp\/v2\/categories?post=22488"},{"taxonomy":"post_tag","embeddable":true,"href":"https:\/\/aprimora.site\/carvalhoalmeidaadvogados\/wp-json\/wp\/v2\/tags?post=22488"}],"curies":[{"name":"wp","href":"https:\/\/api.w.org\/{rel}","templated":true}]}}