{"id":22487,"date":"2026-04-30T09:05:54","date_gmt":"2026-04-30T12:05:54","guid":{"rendered":"https:\/\/aprimora.site\/carvalhoalmeidaadvogados\/2026\/04\/30\/interesse-do-menor-autoriza-descumprimento-provisorio-de-acordo-de-guarda-homologado-na-justica-2\/"},"modified":"2026-04-30T09:05:54","modified_gmt":"2026-04-30T12:05:54","slug":"interesse-do-menor-autoriza-descumprimento-provisorio-de-acordo-de-guarda-homologado-na-justica-2","status":"publish","type":"post","link":"https:\/\/aprimora.site\/carvalhoalmeidaadvogados\/2026\/04\/30\/interesse-do-menor-autoriza-descumprimento-provisorio-de-acordo-de-guarda-homologado-na-justica-2\/","title":{"rendered":"Interesse do menor autoriza descumprimento provis\u00f3rio de acordo de guarda homologado na Justi\u00e7a"},"content":{"rendered":"<p>Interesse do menor autoriza descumprimento provis\u00f3rio de acordo de guarda homologado na Justi\u00e7a<\/p>","protected":false},"excerpt":{"rendered":"<p>Interesse do menor autoriza descumprimento provis\u00f3rio de acordo de guarda homologado na Justi\u00e7a<\/p>\n","protected":false},"author":0,"featured_media":0,"comment_status":"open","ping_status":"open","sticky":false,"template":"","format":"standard","meta":[],"categories":[1],"tags":[],"_links":{"self":[{"href":"https:\/\/aprimora.site\/carvalhoalmeidaadvogados\/wp-json\/wp\/v2\/posts\/22487"}],"collection":[{"href":"https:\/\/aprimora.site\/carvalhoalmeidaadvogados\/wp-json\/wp\/v2\/posts"}],"about":[{"href":"https:\/\/aprimora.site\/carvalhoalmeidaadvogados\/wp-json\/wp\/v2\/types\/post"}],"replies":[{"embeddable":true,"href":"https:\/\/aprimora.site\/carvalhoalmeidaadvogados\/wp-json\/wp\/v2\/comments?post=22487"}],"version-history":[{"count":0,"href":"https:\/\/aprimora.site\/carvalhoalmeidaadvogados\/wp-json\/wp\/v2\/posts\/22487\/revisions"}],"wp:attachment":[{"href":"https:\/\/aprimora.site\/carvalhoalmeidaadvogados\/wp-json\/wp\/v2\/media?parent=22487"}],"wp:term":[{"taxonomy":"category","embeddable":true,"href":"https:\/\/aprimora.site\/carvalhoalmeidaadvogados\/wp-json\/wp\/v2\/categories?post=22487"},{"taxonomy":"post_tag","embeddable":true,"href":"https:\/\/aprimora.site\/carvalhoalmeidaadvogados\/wp-json\/wp\/v2\/tags?post=22487"}],"curies":[{"name":"wp","href":"https:\/\/api.w.org\/{rel}","templated":true}]}}