{"id":22486,"date":"2026-04-30T09:05:54","date_gmt":"2026-04-30T12:05:54","guid":{"rendered":"https:\/\/aprimora.site\/carvalhoalmeidaadvogados\/2026\/04\/30\/livro-em-homenagem-aos-15-anos-de-atuacao-do-ministro-raul-araujo-sera-lancado-no-dia-12-de-maio\/"},"modified":"2026-04-30T09:05:54","modified_gmt":"2026-04-30T12:05:54","slug":"livro-em-homenagem-aos-15-anos-de-atuacao-do-ministro-raul-araujo-sera-lancado-no-dia-12-de-maio","status":"publish","type":"post","link":"https:\/\/aprimora.site\/carvalhoalmeidaadvogados\/2026\/04\/30\/livro-em-homenagem-aos-15-anos-de-atuacao-do-ministro-raul-araujo-sera-lancado-no-dia-12-de-maio\/","title":{"rendered":"Livro em homenagem aos 15 anos de atua\u00e7\u00e3o do ministro Raul Ara\u00fajo ser\u00e1 lan\u00e7ado no dia 12 de maio"},"content":{"rendered":"<p>Livro em homenagem aos 15 anos de atua\u00e7\u00e3o do ministro Raul Ara\u00fajo ser\u00e1 lan\u00e7ado no dia 12 de maio<\/p>","protected":false},"excerpt":{"rendered":"<p>Livro em homenagem aos 15 anos de atua\u00e7\u00e3o do ministro Raul Ara\u00fajo ser\u00e1 lan\u00e7ado no dia 12 de maio<\/p>\n","protected":false},"author":0,"featured_media":0,"comment_status":"open","ping_status":"open","sticky":false,"template":"","format":"standard","meta":[],"categories":[1],"tags":[],"_links":{"self":[{"href":"https:\/\/aprimora.site\/carvalhoalmeidaadvogados\/wp-json\/wp\/v2\/posts\/22486"}],"collection":[{"href":"https:\/\/aprimora.site\/carvalhoalmeidaadvogados\/wp-json\/wp\/v2\/posts"}],"about":[{"href":"https:\/\/aprimora.site\/carvalhoalmeidaadvogados\/wp-json\/wp\/v2\/types\/post"}],"replies":[{"embeddable":true,"href":"https:\/\/aprimora.site\/carvalhoalmeidaadvogados\/wp-json\/wp\/v2\/comments?post=22486"}],"version-history":[{"count":0,"href":"https:\/\/aprimora.site\/carvalhoalmeidaadvogados\/wp-json\/wp\/v2\/posts\/22486\/revisions"}],"wp:attachment":[{"href":"https:\/\/aprimora.site\/carvalhoalmeidaadvogados\/wp-json\/wp\/v2\/media?parent=22486"}],"wp:term":[{"taxonomy":"category","embeddable":true,"href":"https:\/\/aprimora.site\/carvalhoalmeidaadvogados\/wp-json\/wp\/v2\/categories?post=22486"},{"taxonomy":"post_tag","embeddable":true,"href":"https:\/\/aprimora.site\/carvalhoalmeidaadvogados\/wp-json\/wp\/v2\/tags?post=22486"}],"curies":[{"name":"wp","href":"https:\/\/api.w.org\/{rel}","templated":true}]}}