{"id":22484,"date":"2026-04-30T09:05:54","date_gmt":"2026-04-30T12:05:54","guid":{"rendered":"https:\/\/aprimora.site\/carvalhoalmeidaadvogados\/2026\/04\/30\/brasil-retoma-status-de-parceiro-em-feira-mundial-de-tecnologia-industrial\/"},"modified":"2026-04-30T09:05:54","modified_gmt":"2026-04-30T12:05:54","slug":"brasil-retoma-status-de-parceiro-em-feira-mundial-de-tecnologia-industrial","status":"publish","type":"post","link":"https:\/\/aprimora.site\/carvalhoalmeidaadvogados\/2026\/04\/30\/brasil-retoma-status-de-parceiro-em-feira-mundial-de-tecnologia-industrial\/","title":{"rendered":"Brasil retoma status de parceiro em feira mundial de tecnologia industrial"},"content":{"rendered":"<p><span>A Hannover Messe encerrou sua edi\u00e7\u00e3o de 2026 no final da semana passada com o Brasil em um lugar que n\u00e3o ocupava havia 46 anos: o de pa\u00eds parceiro oficial da maior feira de tecnologia industrial do mundo. Nos cinco dias de evento, o pa\u00eds foi a segunda na\u00e7\u00e3o em n\u00famero de visitantes, atr\u00e1s apenas da China e \u00e0 frente de Estados Unidos, Jap\u00e3o e Coreia do Sul. A miss\u00e3o foi liderada pela Ag\u00eancia Brasileira de Promo\u00e7\u00e3o de Exporta\u00e7\u00f5es e Investimentos (ApexBrasil), que organizou a participa\u00e7\u00e3o de 140 empresas brasileiras.<\/span><\/p>\n<p><span>O Brasil tamb\u00e9m protagonizou o investimento mais expressivo da edi\u00e7\u00e3o: cerca de R$ 12 bilh\u00f5es para um complexo de <a href=\"https:\/\/www.jota.info\/tudo-sobre\/hidrogenio-verde\" target=\"_blank\" rel=\"noopener\">hidrog\u00eanio verde<\/a> e derivados no Rio Grande do Norte. O projeto Morro Pintado ser\u00e1 instalado em Areia Branca, na regi\u00e3o de Mossor\u00f3, a 280 km de Natal, respons\u00e1vel por 95% a 98% da produ\u00e7\u00e3o nacional de sal marinho.\u00a0<\/span><\/p>\n<p><span>A planta ter\u00e1 1.400 MW de capacidade instalada em energia e\u00f3lica e solar e dever\u00e1 produzir cerca de 80 mil toneladas anuais de hidrog\u00eanio de baixo carbono na fase plena, com derivados como am\u00f4nia, metanol e ureia verde, totalizando at\u00e9 438 mil toneladas por ano. Para viabilizar a exporta\u00e7\u00e3o, o projeto prev\u00ea a constru\u00e7\u00e3o de um terminal portu\u00e1rio pr\u00f3prio em Areia Branca. Entre os parceiros industriais est\u00e3o a ThyssenKrupp Uhde, a Siemens, a Andritz e a Deutsche Bahn.<\/span><\/p>\n<p><span>O investimento vem em um momento em que a depend\u00eancia brasileira da importa\u00e7\u00e3o de fertilizante est\u00e1 em pauta, com a guerra no Ir\u00e3 amea\u00e7ando esse fornecimento. O Brasil importa hoje mais de 85% dos fertilizantes que consome, sendo 36% da ureia proveniente do Oriente M\u00e9dio. O Plano Nacional de Fertilizantes (PNF 2050) estabelece a meta de reduzir essa depend\u00eancia para 50% at\u00e9 2050.\u00a0<\/span><\/p>\n<p><span>Com produ\u00e7\u00e3o prevista de cerca de 428 mil toneladas de ureia verde, o projeto Morro Pintado poderia cobrir aproximadamente 5% da demanda nacional, estimada em 8 milh\u00f5es de toneladas anuais. O projeto tamb\u00e9m se insere em um cen\u00e1rio competitivo global: segundo a consultoria Rystad Energy, mais de 1.000 projetos de hidrog\u00eanio verde j\u00e1 foram anunciados no mundo, representando US$ 350 bilh\u00f5es em investimentos, com o Brasil entre os dez primeiros no ranking.\u00a0<\/span><\/p>\n<h2>Grandes e pequenas<\/h2>\n<p><span>\u201cMostramos na Hannover Messe solu\u00e7\u00f5es concretas para a ind\u00fastria global e refor\u00e7amos parcerias que v\u00e3o al\u00e9m da feira. Os resultados desta semana demonstram a capacidade das empresas brasileiras de responder \u00e0s necessidades da ind\u00fastria europeia e de se posicionar como parceiras estrat\u00e9gicas em \u00e1reas como energia, inova\u00e7\u00e3o e transforma\u00e7\u00e3o industrial\u201d, disse Laudemir M\u00fcller, presidente da ApexBrasil.\u00a0<\/span><\/p>\n<p><span>A atua\u00e7\u00e3o brasileira nessas diversas \u00e1reas foi refor\u00e7ada com empresas de diversos perfis. A Embraer, por exemplo, ocupou uma \u00e1rea de\u00a0 2.000 m\u00b2 nos pavilh\u00f5es dedicados \u00e0 automa\u00e7\u00e3o, rob\u00f3tica, ind\u00fastria digital e sustentabilidade. O destaque foi a subsidi\u00e1ria Eve Air Mobility, que apresentou seu projeto de aeronave el\u00e9trica de decolagem e pouso vertical (eVTOL) voltada \u00e0 mobilidade a\u00e9rea urbana. A empresa organizou ainda uma Maratona de Startups com foco em intelig\u00eancia artificial, rob\u00f3tica e automa\u00e7\u00e3o aplicadas ao setor aeroespacial.<\/span><\/p>\n<p class=\"jota-cta\"><a href=\"https:\/\/conteudo.jota.info\/marketing-lp-newsletter-ultimas-noticias?utm_source=jota&amp;utm_medium=lp&amp;utm_campaign=23-09-2024-jota-lp-eleicoes-2024-eleicoes-2024-none-audiencias-none&amp;utm_content=eleicoes-2024&amp;utm_term=none\" target=\"_blank\" rel=\"noopener\">Assine gratuitamente a newsletter \u00daltimas Not\u00edcias do <span class=\"jota\">JOTA<\/span> e receba as principais not\u00edcias jur\u00eddicas e pol\u00edticas do dia no seu email<\/a><\/p>\n<p><span>J\u00e1 a WEG, um dos maiores fabricantes globais de motores el\u00e9tricos, apresentou solu\u00e7\u00f5es de eletrifica\u00e7\u00e3o e efici\u00eancia energ\u00e9tica. A Novus exibiu aplica\u00e7\u00f5es de IoT industrial para monitoramento e controle de processos em tempo real. A Be8 mostrou solu\u00e7\u00f5es de biocombust\u00edveis para <a href=\"https:\/\/www.jota.info\/tudo-sobre\/descarbonizacao\" target=\"_blank\" rel=\"noopener\">descarboniza\u00e7\u00e3o<\/a> de setores de dif\u00edcil eletrifica\u00e7\u00e3o, como transporte pesado.\u00a0<\/span><\/p>\n<p><span>Empresas de menor porte tamb\u00e9m tiveram sua vez. A Arena de Inova\u00e7\u00e3o sediou nove sess\u00f5es de pitches em que 57 startups apresentaram solu\u00e7\u00f5es ao p\u00fablico internacional. Tr\u00eas delas participaram do programa D4iD (Deep Techs for Industry Decarbonization), desenvolvido pela AHK S\u00e3o Paulo em parceria com o Cubo Ita\u00fa e executado pela Emerge Brasil. O programa \u00e9 voltado a conectar deep techs brasileiras com demandas de descarboniza\u00e7\u00e3o industrial europeia: HVB Energy, DIRAC e ZeoFertil.<\/span><\/p>\n<p><span>Al\u00e9m disso, o programa Brasil IT+, da ApexBrasil com a Softex, levou a Hannover institui\u00e7\u00f5es como Instituto ELDORADO, CESAR, Vertex e Instituto Federal do Piau\u00ed (IFPI) \u2014 este em sua estreia em iniciativas de internacionaliza\u00e7\u00e3o. O CESAR mant\u00e9m opera\u00e7\u00e3o europeia estruturada, com contratos na Su\u00ed\u00e7a e na It\u00e1lia, e usou a feira para aprofundar parcerias com centros de refer\u00eancia do continente. A Infinite Foundry, especializada em g\u00eameos digitais e com contratos na Su\u00ed\u00e7a, discutiu em Hannover novos modelos de neg\u00f3cio com parceiros europeus.<\/span><\/p>\n<h2>Mercosul-UE e rela\u00e7\u00f5es bilaterais<\/h2>\n<p><span>A feira tamb\u00e9m serviu para fortalecer agendas mais amplas, \u00e0s v\u00e9speras do in\u00edcio da aplica\u00e7\u00e3o provis\u00f3ria do Acordo <a href=\"https:\/\/www.jota.info\/tudo-sobre\/Mercosul\" target=\"_blank\" rel=\"noopener\">Mercosul<\/a>\u2013<a href=\"https:\/\/www.jota.info\/tudo-sobre\/Uni%C3%A3o%20Europeia\" target=\"_blank\" rel=\"noopener\">Uni\u00e3o Europeia<\/a>, prevista para 1\u00ba de maio. Ser\u00e1 o maior acordo de livre com\u00e9rcio entre blocos j\u00e1 firmado, que cobre uma popula\u00e7\u00e3o de 718 milh\u00f5es de pessoas e um PIB combinado de US$ 22,4 trilh\u00f5es.\u00a0<\/span><\/p>\n<p><span>Do lado europeu, cerca de 10 mil produtos entram em vigor no primeiro dia, com metade deles passando imediatamente a tarifa zero. Para o setor industrial brasileiro, aproximadamente 80% das linhas tarif\u00e1rias europeias s\u00e3o liberalizadas na entrada em vigor. Do lado brasileiro, o cronograma \u00e9 deliberadamente mais lento: cerca de metade do que o Brasil importa da UE ter\u00e1 imposto zerado em 10 anos ou mais, para proteger setores industriais em transi\u00e7\u00e3o.<\/span><\/p>\n<p><span>A ApexBrasil estima incremento de at\u00e9 US$ 1 bilh\u00e3o na balan\u00e7a comercial brasileira no primeiro ano de vig\u00eancia. O Ipea projeta alta de 0,46% no PIB entre 2024 e 2040, mais de US$ 9,3 bilh\u00f5es acumulados. O vice-presidente Geraldo Alckmin afirmou, em entrevista na mesma semana, que o acordo pode elevar as exporta\u00e7\u00f5es brasileiras em at\u00e9 13% quando totalmente implementado, com cerca de 5 mil produtos com tarifa zero j\u00e1 a partir de 1\u00ba de maio.<\/span><\/p>\n<p><span>As rela\u00e7\u00f5es bilaterais com a Alemanha tamb\u00e9m foram destaque, com a inaugura\u00e7\u00e3o do pavilh\u00e3o com o presidente Luiz In\u00e1cio Lula da Silva e o chanceler alem\u00e3o Friedrich Merz. Al\u00e9m disso, o 42\u00ba Encontro Econ\u00f4mico Brasil\u2013Alemanha reuniu centenas de participantes. Oito instrumentos de coopera\u00e7\u00e3o foram assinados entre institui\u00e7\u00f5es dos dois pa\u00edses, cobrindo intelig\u00eancia artificial, hidrog\u00eanio de baixo carbono, apoio a pequenas e m\u00e9dias empresas e desenvolvimento industrial sustent\u00e1vel.<\/span><\/p>\n<p><span>Em outra frente, a ApexBrasil e o Minist\u00e9rio Federal de Economia e Energia da Alemanha assinaram um Memorando de Entendimento para coopera\u00e7\u00e3o em startups, neg\u00f3cios baseados em conhecimento e talentos. Dessa forma, foram abertos canais formais para fluxo de investimentos e tecnologia entre os dois pa\u00edses. Esse pode ser apenas o in\u00edcio de mais relacionamentos: relat\u00f3rio da ApexBrasil publicado antes da feira identificou mais de 390 oportunidades para empresas brasileiras em setores de maior valor agregado na rela\u00e7\u00e3o com a Alemanha.<\/span><\/p>","protected":false},"excerpt":{"rendered":"<p>A Hannover Messe encerrou sua edi\u00e7\u00e3o de 2026 no final da semana passada com o Brasil em um lugar que n\u00e3o ocupava havia 46 anos: o de pa\u00eds parceiro oficial da maior feira de tecnologia industrial do mundo. Nos cinco dias de evento, o pa\u00eds foi a segunda na\u00e7\u00e3o em n\u00famero de visitantes, atr\u00e1s apenas [&hellip;]<\/p>\n","protected":false},"author":0,"featured_media":0,"comment_status":"open","ping_status":"open","sticky":false,"template":"","format":"standard","meta":[],"categories":[1],"tags":[],"_links":{"self":[{"href":"https:\/\/aprimora.site\/carvalhoalmeidaadvogados\/wp-json\/wp\/v2\/posts\/22484"}],"collection":[{"href":"https:\/\/aprimora.site\/carvalhoalmeidaadvogados\/wp-json\/wp\/v2\/posts"}],"about":[{"href":"https:\/\/aprimora.site\/carvalhoalmeidaadvogados\/wp-json\/wp\/v2\/types\/post"}],"replies":[{"embeddable":true,"href":"https:\/\/aprimora.site\/carvalhoalmeidaadvogados\/wp-json\/wp\/v2\/comments?post=22484"}],"version-history":[{"count":0,"href":"https:\/\/aprimora.site\/carvalhoalmeidaadvogados\/wp-json\/wp\/v2\/posts\/22484\/revisions"}],"wp:attachment":[{"href":"https:\/\/aprimora.site\/carvalhoalmeidaadvogados\/wp-json\/wp\/v2\/media?parent=22484"}],"wp:term":[{"taxonomy":"category","embeddable":true,"href":"https:\/\/aprimora.site\/carvalhoalmeidaadvogados\/wp-json\/wp\/v2\/categories?post=22484"},{"taxonomy":"post_tag","embeddable":true,"href":"https:\/\/aprimora.site\/carvalhoalmeidaadvogados\/wp-json\/wp\/v2\/tags?post=22484"}],"curies":[{"name":"wp","href":"https:\/\/api.w.org\/{rel}","templated":true}]}}