{"id":22482,"date":"2026-04-30T08:00:55","date_gmt":"2026-04-30T11:00:55","guid":{"rendered":"https:\/\/aprimora.site\/carvalhoalmeidaadvogados\/2026\/04\/30\/terceira-turma-considera-valida-sentenca-proferida-por-juiza-apos-ser-removida-da-vara\/"},"modified":"2026-04-30T08:00:55","modified_gmt":"2026-04-30T11:00:55","slug":"terceira-turma-considera-valida-sentenca-proferida-por-juiza-apos-ser-removida-da-vara","status":"publish","type":"post","link":"https:\/\/aprimora.site\/carvalhoalmeidaadvogados\/2026\/04\/30\/terceira-turma-considera-valida-sentenca-proferida-por-juiza-apos-ser-removida-da-vara\/","title":{"rendered":"Terceira Turma considera v\u00e1lida senten\u00e7a proferida por ju\u00edza ap\u00f3s ser removida da vara"},"content":{"rendered":"<p>A ju\u00edza n\u00e3o estava mais lotada na vara sentenciante quando proferiu a decis\u00e3o, pois trocou de lugar com um colega; antes, eles combinaram que cada um sentenciaria o processo cuja instru\u00e7\u00e3o tivesse conclu\u00eddo.<\/p>","protected":false},"excerpt":{"rendered":"<p>A ju\u00edza n\u00e3o estava mais lotada na vara sentenciante quando proferiu a decis\u00e3o, pois trocou de lugar com um colega; antes, eles combinaram que cada um sentenciaria o processo cuja instru\u00e7\u00e3o tivesse conclu\u00eddo.<\/p>\n","protected":false},"author":0,"featured_media":0,"comment_status":"open","ping_status":"open","sticky":false,"template":"","format":"standard","meta":[],"categories":[1],"tags":[],"_links":{"self":[{"href":"https:\/\/aprimora.site\/carvalhoalmeidaadvogados\/wp-json\/wp\/v2\/posts\/22482"}],"collection":[{"href":"https:\/\/aprimora.site\/carvalhoalmeidaadvogados\/wp-json\/wp\/v2\/posts"}],"about":[{"href":"https:\/\/aprimora.site\/carvalhoalmeidaadvogados\/wp-json\/wp\/v2\/types\/post"}],"replies":[{"embeddable":true,"href":"https:\/\/aprimora.site\/carvalhoalmeidaadvogados\/wp-json\/wp\/v2\/comments?post=22482"}],"version-history":[{"count":0,"href":"https:\/\/aprimora.site\/carvalhoalmeidaadvogados\/wp-json\/wp\/v2\/posts\/22482\/revisions"}],"wp:attachment":[{"href":"https:\/\/aprimora.site\/carvalhoalmeidaadvogados\/wp-json\/wp\/v2\/media?parent=22482"}],"wp:term":[{"taxonomy":"category","embeddable":true,"href":"https:\/\/aprimora.site\/carvalhoalmeidaadvogados\/wp-json\/wp\/v2\/categories?post=22482"},{"taxonomy":"post_tag","embeddable":true,"href":"https:\/\/aprimora.site\/carvalhoalmeidaadvogados\/wp-json\/wp\/v2\/tags?post=22482"}],"curies":[{"name":"wp","href":"https:\/\/api.w.org\/{rel}","templated":true}]}}