{"id":22478,"date":"2026-04-30T08:00:54","date_gmt":"2026-04-30T11:00:54","guid":{"rendered":"https:\/\/aprimora.site\/carvalhoalmeidaadvogados\/2026\/04\/30\/rejeicao-a-messias-senado-da-demonstracao-de-forca-com-derrota-historica-a-lula-e-eleva-pressao-sobre-stf\/"},"modified":"2026-04-30T08:00:54","modified_gmt":"2026-04-30T11:00:54","slug":"rejeicao-a-messias-senado-da-demonstracao-de-forca-com-derrota-historica-a-lula-e-eleva-pressao-sobre-stf","status":"publish","type":"post","link":"https:\/\/aprimora.site\/carvalhoalmeidaadvogados\/2026\/04\/30\/rejeicao-a-messias-senado-da-demonstracao-de-forca-com-derrota-historica-a-lula-e-eleva-pressao-sobre-stf\/","title":{"rendered":"Rejei\u00e7\u00e3o a Messias: Senado d\u00e1 demonstra\u00e7\u00e3o de for\u00e7a com derrota hist\u00f3rica a Lula e eleva press\u00e3o sobre STF"},"content":{"rendered":"<p>O Senado Federal imp\u00f4s uma derrota hist\u00f3rica ao presidente Lula (PT) nesta quarta-feira (29\/4), ao rejeitar a indica\u00e7\u00e3o de Jorge Messias para o Supremo Tribunal Federal (STF). O epis\u00f3dio tamb\u00e9m eleva a press\u00e3o sobre a Corte, que j\u00e1 est\u00e1 na mira de senadores bolsonaristas e deve entrar no centro da campanha eleitoral, al\u00e9m de dar sinais do que pode vir em 2027.<\/p>\n<p>O movimento contou com a oposi\u00e7\u00e3o em peso, mas teve como principal articulador o presidente do Senado, Davi Alcolumbre (Uni\u00e3o-AP), que deu sinais e verbalizou nos \u00faltimos meses sua insatisfa\u00e7\u00e3o com o nome escolhido pelo governo.<\/p>\n<p class=\"jota-cta\"><a href=\"https:\/\/conteudo.jota.info\/marketing-lp-newsletter-ultimas-noticias?utm_source=jota&amp;utm_medium=lp&amp;utm_campaign=23-09-2024-jota-lp-eleicoes-2024-eleicoes-2024-none-audiencias-none&amp;utm_content=eleicoes-2024&amp;utm_term=none\"><span>Assine gratuitamente a newsletter \u00daltimas Not\u00edcias do <span class=\"jota\">JOTA<\/span> e receba as principais not\u00edcias jur\u00eddicas e pol\u00edticas do dia no seu email<\/span><\/a><\/p>\n<p>A derrota de Messias tamb\u00e9m serve como sinaliza\u00e7\u00e3o do poder do Senado perante o Supremo. Um dos principais articuladores em favor de Messias foi o ministro Andr\u00e9 Mendon\u00e7a, a quem o indicado agradeceu publicamente durante sua sabatina. Mendon\u00e7a, no entanto, \u00e9 desafeto de Alcolumbre, o que refor\u00e7a a leitura de que o presidente da Casa saiu vitorioso.<\/p>\n<p>H\u00e1 uma leitura de que o resultado sugere que o Senado estaria pronto para avan\u00e7ar em ofensivas contra ministros do STF. Mas os 42 votos contr\u00e1rios a Messias n\u00e3o seriam suficientes para levar adiante um processo de impeachment de ministro da Corte sob a regra fixada pelo ministro Gilmar Mendes, que exige maioria qualificada de dois ter\u00e7os tanto para o recebimento da den\u00fancia quanto para a pron\u00fancia. O magistrado tamb\u00e9m proibiu interpreta\u00e7\u00f5es que enquadrem o m\u00e9rito de decis\u00f5es judiciais como crime de responsabilidade.<\/p>\n<p>Durante a sabatina de Messias, ap\u00f3s cinco meses de espera, Alcolumbre passou o dia telefonando para senadores, em busca de aus\u00eancias e votos contr\u00e1rios. Dias antes, a oposi\u00e7\u00e3o j\u00e1 havia apresentado a ele uma rela\u00e7\u00e3o de nomes que poderiam estar na mira das ofensivas do presidente da Casa.<\/p>\n<p>Mas o placar de apenas 34 votos favor\u00e1veis surpreendeu at\u00e9 integrantes do PL, que estavam incertos do resultado at\u00e9 momentos antes. A guinada ficou mais clara quando o l\u00edder da oposi\u00e7\u00e3o e coordenador da campanha de Fl\u00e1vio Bolsonaro, Rog\u00e9rio Marinho (PL-RN), e o senador Ciro Nogueira (PP-PI) sentaram-se ao lado de Alcolumbre no momento da vota\u00e7\u00e3o.<\/p>\n<p>Eles agora buscam relacionar a derrota de Messias \u00e0 elei\u00e7\u00e3o presidencial. A jornalistas, Fl\u00e1vio Bolsonaro disse que a governabilidade de Lula acabou e que o resultado j\u00e1 \u00e9 um sinal para 2027. A tend\u00eancia \u00e9 que n\u00e3o haja nova vota\u00e7\u00e3o para o STF antes da disputa eleitoral.<\/p>\n<p class=\"jota-cta\"><a href=\"https:\/\/whatsapp.com\/channel\/0029VaFvFd73rZZflK7yGD0I\">Inscreva-se no canal de not\u00edcias do <span class=\"jota\">JOTA<\/span> no WhatsApp e fique por dentro das principais discuss\u00f5es do pa\u00eds!<\/a><\/p>\n<p>Aliados do presidente da Casa alertam que, acima de tudo, esta foi uma vit\u00f3ria de Alcolumbre e muda de vez a forma como um presidente da Rep\u00fablica conduz indica\u00e7\u00f5es como esta. A leitura desses aliados \u00e9 que nada passa sem o aval do presidente do Senado.<\/p>\n<p>\u201cSenado jogou para dentro. H\u00e1 muito tempo precisava dar uma resposta \u00e0 sociedade, v\u00ednhamos sendo cobrados a ser independentes, ter autonomia. Chegou o momento\u201d, disse a senadora Tereza Cristina (PP-MS). Questionada se isso significaria j\u00e1 uma proje\u00e7\u00e3o eleitoral, usou um termo de tempos de crise: \u201cTem que ver como vai ser o day after\u201d.<\/p>\n<p>Para aliados do presidente do Senado, a derrota de Messias n\u00e3o significa que Alcolumbre embarca numa campanha bolsonarista. Nem tampouco que a governabilidade est\u00e1 completamente comprometida. Ainda \u00e9 poss\u00edvel recompor, mas isso exigir\u00e1 do governo um pre\u00e7o ainda mais alto.<\/p>\n<p>Acima de tudo, exigir\u00e1 gestos e compromissos que Lula n\u00e3o deu nos \u00faltimos meses. Pouco ap\u00f3s a derrota, um aliado palaciano disse que, nos \u00faltimos dias, alertou o Planalto de que era preciso mais da parte do presidente para Alcolumbre.<\/p>\n<p>Se o placar pegou a oposi\u00e7\u00e3o de surpresa, foi ainda pior para o governo. Ao longo do dia, a expectativa era de um placar pouco acima do m\u00ednimo necess\u00e1rio para a aprova\u00e7\u00e3o, de 41 votos. Chegou a circular a possibilidade de Alcolumbre adiar a vota\u00e7\u00e3o em Plen\u00e1rio, o que significaria que o governo tinha votos, mas que o presidente do Senado gostaria de impor algum tipo de derrota. Por fim, o resultado com t\u00e3o poucos votos favor\u00e1veis pegou todos de surpresa e foi recebido at\u00e9 com l\u00e1grimas por aliados de Messias.<\/p>\n<p><a href=\"https:\/\/www.jota.info\/legislativo\/nao-e-simples-alguem-com-minha-trajetoria-passar-por-reprovacao-diz-messias-rejeitado-para-o-stf\">Ao final, Messias disse a jornalistas que se tratava de uma decis\u00e3o soberana do Senado<\/a>. Afirmou ainda que sua hist\u00f3ria n\u00e3o acaba neste momento e arrematou, enigmaticamente: \u201cPassei por cinco meses de processo de desconstru\u00e7\u00e3o de imagem. Teve toda sorte de mentiras para me desconstruir. N\u00f3s sabemos quem promoveu isso\u201d. Quando questionado sobre quem seria o respons\u00e1vel, n\u00e3o respondeu.<\/p>","protected":false},"excerpt":{"rendered":"<p>O Senado Federal imp\u00f4s uma derrota hist\u00f3rica ao presidente Lula (PT) nesta quarta-feira (29\/4), ao rejeitar a indica\u00e7\u00e3o de Jorge Messias para o Supremo Tribunal Federal (STF). O epis\u00f3dio tamb\u00e9m eleva a press\u00e3o sobre a Corte, que j\u00e1 est\u00e1 na mira de senadores bolsonaristas e deve entrar no centro da campanha eleitoral, al\u00e9m de dar [&hellip;]<\/p>\n","protected":false},"author":0,"featured_media":0,"comment_status":"open","ping_status":"open","sticky":false,"template":"","format":"standard","meta":[],"categories":[1],"tags":[],"_links":{"self":[{"href":"https:\/\/aprimora.site\/carvalhoalmeidaadvogados\/wp-json\/wp\/v2\/posts\/22478"}],"collection":[{"href":"https:\/\/aprimora.site\/carvalhoalmeidaadvogados\/wp-json\/wp\/v2\/posts"}],"about":[{"href":"https:\/\/aprimora.site\/carvalhoalmeidaadvogados\/wp-json\/wp\/v2\/types\/post"}],"replies":[{"embeddable":true,"href":"https:\/\/aprimora.site\/carvalhoalmeidaadvogados\/wp-json\/wp\/v2\/comments?post=22478"}],"version-history":[{"count":0,"href":"https:\/\/aprimora.site\/carvalhoalmeidaadvogados\/wp-json\/wp\/v2\/posts\/22478\/revisions"}],"wp:attachment":[{"href":"https:\/\/aprimora.site\/carvalhoalmeidaadvogados\/wp-json\/wp\/v2\/media?parent=22478"}],"wp:term":[{"taxonomy":"category","embeddable":true,"href":"https:\/\/aprimora.site\/carvalhoalmeidaadvogados\/wp-json\/wp\/v2\/categories?post=22478"},{"taxonomy":"post_tag","embeddable":true,"href":"https:\/\/aprimora.site\/carvalhoalmeidaadvogados\/wp-json\/wp\/v2\/tags?post=22478"}],"curies":[{"name":"wp","href":"https:\/\/api.w.org\/{rel}","templated":true}]}}