{"id":22477,"date":"2026-04-30T08:00:54","date_gmt":"2026-04-30T11:00:54","guid":{"rendered":"https:\/\/aprimora.site\/carvalhoalmeidaadvogados\/2026\/04\/30\/tst-vale-e-samarco-pagarao-r-120-mil-a-trabalhador-sobrevivente-da-tragedia-de-mariana\/"},"modified":"2026-04-30T08:00:54","modified_gmt":"2026-04-30T11:00:54","slug":"tst-vale-e-samarco-pagarao-r-120-mil-a-trabalhador-sobrevivente-da-tragedia-de-mariana","status":"publish","type":"post","link":"https:\/\/aprimora.site\/carvalhoalmeidaadvogados\/2026\/04\/30\/tst-vale-e-samarco-pagarao-r-120-mil-a-trabalhador-sobrevivente-da-tragedia-de-mariana\/","title":{"rendered":"TST: Vale e Samarco pagar\u00e3o R$ 120 mil a trabalhador sobrevivente da trag\u00e9dia de Mariana"},"content":{"rendered":"<p>Por unanimidade, a 7\u00aa Turma do Tribunal Superior do Trabalho (<a href=\"http:\/\/www.jota.info\/tudo-sobre\/TST\">TST<\/a>) manteve, nesta quarta-feira (29\/4), uma decis\u00e3o que condenou as mineradoras Vale e Samarco a indenizar em R$ 120 mil um trabalhador sobrevivente do rompimento da barragem do Fund\u00e3o, em Mariana (MG), por danos extrapatrimoniais. O caso analisado pelo colegiado do TST estava em segredo de justi\u00e7a, mas teve seu sigilo suspenso ap\u00f3s acordo dos ministros para prosseguimento do julgamento.<\/p>\n<p>A <a href=\"https:\/\/www.jota.info\/tudo-sobre\/desastre-em-mariana\">trag\u00e9dia em Mariana<\/a> ocorreu em 5 novembro de 2015. O rompimento da barragem, controlada pela mineradora Vale e a empresa BHP Billiton, causou um despejo de cerca de 60 milh\u00f5es de metros c\u00fabicos de rejeitos de min\u00e9rio de ferro, al\u00e9m de ter deixado um impacto ambiental na bacia do rio Doce, em Minas Gerais, com reflexos at\u00e9 a foz do rio, no estado do Esp\u00edrito Santo, e no oceano Atl\u00e2ntico.<\/p>\n<p class=\"jota-cta\"><a href=\"https:\/\/conteudo.jota.info\/marketing-lp-conversao-jota-pro-trabalhista?utm_source=site&amp;utm_medium=lp&amp;utm_campaign=11-03-2025-site-lp-cta-pro-trabalhista-lead-site-audiencias-trabalhista&amp;utm_content=site-lp-cta-pro-trabalhista-lead-site-trabalhista&amp;utm_term=audiencias\">Conhe\u00e7a o <span class=\"jota\">JOTA<\/span> PRO Trabalhista, solu\u00e7\u00e3o corporativa que antecipa as movimenta\u00e7\u00f5es trabalhistas no Judici\u00e1rio, Legislativo e Executivo<\/a><\/p>\n<p>Al\u00e9m da manuten\u00e7\u00e3o da condena\u00e7\u00e3o, os ministros do TST reconheceram a responsabilidade subsidi\u00e1ria da mineradora Vale e da BHP que, segundo o relator do caso, ministro Alexandre Agra Belmonte, admitiram que s\u00e3o acionistas controladoras da Samarco.<\/p>\n<p>Essa condi\u00e7\u00e3o, de acordo com Belmonte, faz com que a Samarco submeta aos acionistas as suas decis\u00f5es mais importantes e a escolha dos integrantes do seu quadro de gestores, o que configura a forma\u00e7\u00e3o de um grupo econ\u00f4mico entre as empresas e a responsabilidade solid\u00e1ria entre elas.<\/p>\n<p>Quanto \u00e0 condena\u00e7\u00e3o, Belmonte destacou que o rompimento da barragem do Fund\u00e3o foi configurado como dano moral <em>in re ipsa<\/em>, ou seja, presumido, com transcend\u00eancia jur\u00eddica j\u00e1 reconhecida.<\/p>\n<p>Assim, ao analisar o caso concreto, o ministro Belmonte frisou que a discuss\u00e3o centralizava-se na natureza extraordin\u00e1ria do evento danoso. Entretanto, ele ressaltou que era sabido que o evento n\u00e3o foi decorrente da natureza, muito menos de for\u00e7a maior. \u201cAinda que fosse de for\u00e7a maior, seria for\u00e7a maior interna, que tem rela\u00e7\u00e3o com a atividade de risco que \u00e9 exercida, e que n\u00e3o dispensaria a responsabilidade\u201d, pontuou.<\/p>\n<p>Desse modo, Belmonte pontuou que s\u00f3 o fato de o empregado estar presente no local de trabalho no momento em que ocorreu o desastre j\u00e1 configuraria, por si s\u00f3, o dano extrapatrimonial. \u201cEmbora tenha tido a sorte de n\u00e3o perder a vida, a ang\u00fastia e o medo de perecer naquele momento s\u00e3o inerentes \u00e0 condi\u00e7\u00e3o humana e indenes de d\u00favida\u201d, afirmou o relator.<\/p>\n<p>Para ele, a presen\u00e7a do trabalhador no epicentro da trag\u00e9dia, testemunhando a destrui\u00e7\u00e3o, o caos e o risco iminentes, vendo inclusive outras pessoas serem soterradas, j\u00e1 seria motivo suficiente para a condi\u00e7\u00e3o e experi\u00eancia traum\u00e1ticas e cab\u00edvel para indeniza\u00e7\u00e3o.<\/p>\n<p class=\"jota-cta\"><a href=\"https:\/\/conteudo.jota.info\/marketing-lp-newsletter-ultimas-noticias?utm_source=jota&amp;utm_medium=lp&amp;utm_campaign=23-09-2024-jota-lp-eleicoes-2024-eleicoes-2024-none-audiencias-none&amp;utm_content=eleicoes-2024&amp;utm_term=none\">Assine gratuitamente a newsletter \u00daltimas Not\u00edcias do <span class=\"jota\">JOTA<\/span> e receba as principais not\u00edcias jur\u00eddicas e pol\u00edticas do dia no seu email<\/a><\/p>\n<h2>Montante da indeniza\u00e7\u00e3o<\/h2>\n<p>Em rela\u00e7\u00e3o ao valor da indeniza\u00e7\u00e3o, o ministro negou tanto os recursos das mineradoras, que argumentavam que o montante era excessivo, quanto o do autor da a\u00e7\u00e3o, que buscava majorar a quantia.<\/p>\n<p>Segundo Belmonte, a decis\u00e3o do Tribunal Regional do Trabalho da 3\u00aa Regi\u00e3o (TRT3), de Minas Gerais, manteve o valor fixado pela senten\u00e7a considerando o contexto pessoal do autor no momento do acidente e a gravidade da conduta, por exemplo. Assim, disse n\u00e3o verificar a transcend\u00eancia da causa.<\/p>\n<p>Al\u00e9m disso, o ministro mencionou uma decis\u00e3o do Supremo Tribunal Federal (STF) que estabeleceu que os valores de indeniza\u00e7\u00e3o por danos morais extrapatrimoniais previstos em lei s\u00e3o apenas persuasivos.<\/p>\n<p>O voto de Belmonte foi acompanhado integralmente pelo ministro Cl\u00e1udio Brand\u00e3o e pelo desembargador convocado Jos\u00e9 Pedro de Camargo.<\/p>","protected":false},"excerpt":{"rendered":"<p>Por unanimidade, a 7\u00aa Turma do Tribunal Superior do Trabalho (TST) manteve, nesta quarta-feira (29\/4), uma decis\u00e3o que condenou as mineradoras Vale e Samarco a indenizar em R$ 120 mil um trabalhador sobrevivente do rompimento da barragem do Fund\u00e3o, em Mariana (MG), por danos extrapatrimoniais. O caso analisado pelo colegiado do TST estava em segredo [&hellip;]<\/p>\n","protected":false},"author":0,"featured_media":0,"comment_status":"open","ping_status":"open","sticky":false,"template":"","format":"standard","meta":[],"categories":[1],"tags":[],"_links":{"self":[{"href":"https:\/\/aprimora.site\/carvalhoalmeidaadvogados\/wp-json\/wp\/v2\/posts\/22477"}],"collection":[{"href":"https:\/\/aprimora.site\/carvalhoalmeidaadvogados\/wp-json\/wp\/v2\/posts"}],"about":[{"href":"https:\/\/aprimora.site\/carvalhoalmeidaadvogados\/wp-json\/wp\/v2\/types\/post"}],"replies":[{"embeddable":true,"href":"https:\/\/aprimora.site\/carvalhoalmeidaadvogados\/wp-json\/wp\/v2\/comments?post=22477"}],"version-history":[{"count":0,"href":"https:\/\/aprimora.site\/carvalhoalmeidaadvogados\/wp-json\/wp\/v2\/posts\/22477\/revisions"}],"wp:attachment":[{"href":"https:\/\/aprimora.site\/carvalhoalmeidaadvogados\/wp-json\/wp\/v2\/media?parent=22477"}],"wp:term":[{"taxonomy":"category","embeddable":true,"href":"https:\/\/aprimora.site\/carvalhoalmeidaadvogados\/wp-json\/wp\/v2\/categories?post=22477"},{"taxonomy":"post_tag","embeddable":true,"href":"https:\/\/aprimora.site\/carvalhoalmeidaadvogados\/wp-json\/wp\/v2\/tags?post=22477"}],"curies":[{"name":"wp","href":"https:\/\/api.w.org\/{rel}","templated":true}]}}