{"id":22476,"date":"2026-04-30T06:58:33","date_gmt":"2026-04-30T09:58:33","guid":{"rendered":"https:\/\/aprimora.site\/carvalhoalmeidaadvogados\/2026\/04\/30\/o-uso-sob-demanda-de-relatorios-do-coaf-e-seus-limites-juridicos\/"},"modified":"2026-04-30T06:58:33","modified_gmt":"2026-04-30T09:58:33","slug":"o-uso-sob-demanda-de-relatorios-do-coaf-e-seus-limites-juridicos","status":"publish","type":"post","link":"https:\/\/aprimora.site\/carvalhoalmeidaadvogados\/2026\/04\/30\/o-uso-sob-demanda-de-relatorios-do-coaf-e-seus-limites-juridicos\/","title":{"rendered":"O uso sob demanda de relat\u00f3rios do Coaf e seus limites jur\u00eddicos"},"content":{"rendered":"<div><span class=\"il\">O<\/span> <span class=\"il\">uso<\/span> de <span class=\"il\">relat\u00f3rios<\/span> <span class=\"il\">do<\/span> Conselho de Controle de Atividades Financeiras (<span class=\"il\">Coaf<\/span>) por autoridades respons\u00e1veis por investiga\u00e7\u00f5es criminais cresceu de forma expressiva nos \u00faltimos anos <span class=\"il\">e<\/span> passou a levantar questionamentos de ordem constitucional <span class=\"il\">e<\/span> processual penal, especialmente quanto \u00e0 necessidade de autoriza\u00e7\u00e3<span class=\"il\">o<\/span> judicial, \u00e0 preserva\u00e7\u00e3<span class=\"il\">o<\/span> <span class=\"il\">do<\/span> sigilo de dados <span class=\"il\">e<\/span> aos <span class=\"il\">limites<\/span> da atua\u00e7\u00e3<span class=\"il\">o<\/span> investigativa. Em uma d\u00e9cada, a produ\u00e7\u00e3<span class=\"il\">o<\/span> de <span class=\"il\">Relat\u00f3rios<\/span> de Intelig\u00eancia Financeira a pedido da pol\u00edcia <span class=\"il\">e<\/span> <span class=\"il\">do<\/span> Minist\u00e9rio P\u00fablico aumentou mais de 1.300%.\n<p><span class=\"il\">O<\/span> dado indica uma mudan\u00e7a importante no funcionamento desse mecanismo, que deixou de ser acionado majoritariamente a partir de comunica\u00e7\u00f5es espont\u00e2neas de opera\u00e7\u00f5es suspeitas <span class=\"il\">e<\/span> passou a ser provocado diretamente pelas autoridades. Esse movimento impacta <span class=\"il\">o<\/span> devido processo penal ao permitir <span class=\"il\">o <\/span>acesso a dados financeiros antes da abertura formal de uma investiga\u00e7\u00e3<span class=\"il\">o<\/span> <span class=\"il\">e<\/span> sem delimita\u00e7\u00e3<span class=\"il\">o<\/span> clara de objeto ou de suspeitos, <span class=\"il\">o<\/span> que pode fragilizar garantias como a exig\u00eancia de justa causa <span class=\"il\">e<\/span> <span class=\"il\">o<\/span> controle sobre a atividade investigativa.<\/p>\n<\/div>\n<div><\/div>\n<div>\n<h3><a href=\"https:\/\/www.jota.info\/produtos\/poder?utm_source=cta-site&amp;utm_medium=site&amp;utm_campaign=campanha_poder_q2&amp;utm_id=cta_texto_poder_q2_2023&amp;utm_term=cta_texto_poder&amp;utm_term=cta_texto_poder_meio_materias\"><span>Conhe\u00e7a o <span class=\"jota\">JOTA<\/span> PRO Poder, plataforma de monitoramento que oferece transpar\u00eancia e previsibilidade para empresas<\/span><\/a><\/h3>\n<p>Esse \u00e9 <span class=\"il\">o<\/span> contexto <span class=\"il\">do<\/span> julgamento a ser realizado pelo Supremo Tribunal Federal em maio, que vai discutir se esses <span class=\"il\">relat\u00f3rios<\/span> podem ser solicitados sem autoriza\u00e7\u00e3<span class=\"il\">o<\/span> judicial <span class=\"il\">e<\/span> antes mesmo da abertura formal de uma investiga\u00e7\u00e3<span class=\"il\">o<\/span>. No fundo, <span class=\"il\">o<\/span> que est\u00e1 em jogo \u00e9 definir at\u00e9 onde vai <span class=\"il\">o<\/span> <span class=\"il\">uso<\/span> de ferramentas de intelig\u00eancia financeira no processo penal.<\/p>\n<p>Os RIFs s\u00e3<span class=\"il\">o<\/span> elaborados com base em comunica\u00e7\u00f5es obrigat\u00f3rias feitas por bancos <span class=\"il\">e<\/span> outros setores regulados quando identificam movimenta\u00e7\u00f5es at\u00edpicas. Embora n\u00e3<span class=\"il\">o<\/span> representem, tecnicamente, uma quebra de sigilo banc\u00e1rio, esses documentos permitem mapear padr\u00f5es de movimenta\u00e7\u00e3<span class=\"il\">o<\/span>, conex\u00f5es entre pessoas <span class=\"il\">e<\/span> fluxos de dinheiro, <span class=\"il\">o<\/span> que pode afetar, de forma relevante, a esfera de privacidade. <span class=\"il\">O<\/span> aumento expressivo no <span class=\"il\">uso<\/span> desses <span class=\"il\">relat\u00f3rios<\/span> sugere que eles v\u00eam sendo utilizados cada vez mais como instrumento de investiga\u00e7\u00e3<span class=\"il\">o<\/span>.<\/p>\n<p>Aqui, uma distin\u00e7\u00e3<span class=\"il\">o<\/span> \u00e9 importante. Uma coisa \u00e9 <span class=\"il\">o<\/span> compartilhamento espont\u00e2neo de informa\u00e7\u00f5es j\u00e1 identificadas como suspeitas, dentro da l\u00f3gica de preven\u00e7\u00e3<span class=\"il\">o <\/span><span class=\"il\">e<\/span> monitoramento <span class=\"il\">do<\/span> sistema financeiro. Outra, diferente, \u00e9 a solicita\u00e7\u00e3<span class=\"il\">o<\/span> de <span class=\"il\">relat\u00f3rios<\/span> para embasar <span class=\"il\">o<\/span> in\u00edcio de investiga\u00e7\u00f5es. \u00c9 nesse segundo cen\u00e1rio que surgem as principais preocupa\u00e7\u00f5es, j\u00e1 que <span class=\"il\">o<\/span> relat\u00f3rio passa a funcionar como ponto de partida da apura\u00e7\u00e3<span class=\"il\">o<\/span> sem que existam crit\u00e9rios m\u00ednimos que orientem essa iniciativa.<\/p>\n<p>Exigir a abertura pr\u00e9via de um inqu\u00e9rito policial ou de um procedimento investigat\u00f3rio <span class=\"il\">do<\/span> Minist\u00e9rio P\u00fablico n\u00e3<span class=\"il\">o<\/span> \u00e9 mera formalidade. Isso ajuda a delimitar <span class=\"il\">o <\/span>que est\u00e1 sendo investigado, quem s\u00e3<span class=\"il\">o<\/span> os envolvidos <span class=\"il\">e<\/span> quais elementos iniciais justificam a apura\u00e7\u00e3<span class=\"il\">o<\/span>. Na pr\u00e1tica, \u00e9 esse enquadramento que permite algum n\u00edvel de controle, inclusive judicial, sobre <span class=\"il\">o<\/span> <span class=\"il\">uso<\/span> de informa\u00e7\u00f5es sens\u00edveis, evitando que a coleta de dados ocorra de forma ampla <span class=\"il\">e<\/span> pouco direcionada.<\/p>\n<p>Uma decis\u00e3<span class=\"il\">o<\/span> recente <span class=\"il\">do<\/span> ministro Alexandre de Moraes, no Tema 1.404, aponta justamente nessa dire\u00e7\u00e3<span class=\"il\">o<\/span>, ao indicar que <span class=\"il\">o<\/span> <span class=\"il\">uso<\/span> desses <span class=\"il\">relat\u00f3rios<\/span> deve estar vinculado a uma investiga\u00e7\u00e3<span class=\"il\">o<\/span> j\u00e1 formalizada <span class=\"il\">e<\/span> com objetivo definido. <span class=\"il\">O<\/span> julgamento pelo plen\u00e1rio <span class=\"il\">do<\/span> STF deve esclarecer se esse entendimento ser\u00e1 consolidado como regra.<\/p>\n<p>No campo <span class=\"il\">do<\/span> direito penal empresarial, a discuss\u00e3<span class=\"il\">o<\/span> ganha ainda mais relev\u00e2ncia. Empresas com estruturas complexas <span class=\"il\">e<\/span> grande volume de opera\u00e7\u00f5es podem gerar movimenta\u00e7\u00f5es que, vistas isoladamente, parecem incomuns, mas n\u00e3<span class=\"il\">o<\/span> necessariamente indicam irregularidade. <span class=\"il\">O<\/span> <span class=\"il\">uso<\/span> de <span class=\"il\">relat\u00f3rios<\/span> financeiros sem um recorte claro <span class=\"il\">do<\/span> que se busca investigar aumenta <span class=\"il\">o<\/span> risco de interpreta\u00e7\u00f5es fora de contexto.<\/p>\n<p>Definir crit\u00e9rios objetivos para <span class=\"il\">o<\/span> acesso <span class=\"il\">e<\/span> <span class=\"il\">uso<\/span> desses <span class=\"il\">relat\u00f3rios<\/span> n\u00e3<span class=\"il\">o<\/span> impede <span class=\"il\">o<\/span> trabalho das autoridades, mas estabelece <span class=\"il\">limites<\/span> compat\u00edveis com garantias fundamentais. No centro <span class=\"il\">do<\/span> debate est\u00e1 a diferen\u00e7a entre usar esses instrumentos para apoiar investiga\u00e7\u00f5es j\u00e1 existentes <span class=\"il\">e<\/span> utiliz\u00e1-los como uma esp\u00e9cie de varredura em busca de ind\u00edcios.<\/p>\n<p>A decis\u00e3<span class=\"il\">o<\/span> <span class=\"il\">do<\/span> STF tende a influenciar diretamente a forma como dados financeiros s\u00e3<span class=\"il\">o<\/span> incorporados \u00e0s investiga\u00e7\u00f5es no pa\u00eds. Trata-se, em \u00faltima an\u00e1lise, de encontrar um ponto de equil\u00edbrio entre efici\u00eancia investigativa <span class=\"il\">e<\/span> respeito aos direitos fundamentais, \u00e0 privacidade <span class=\"il\">e<\/span> \u00e0s regras <span class=\"il\">do<\/span> devido processo legal.<\/p>\n<\/div>","protected":false},"excerpt":{"rendered":"<p>O uso de relat\u00f3rios do Conselho de Controle de Atividades Financeiras (Coaf) por autoridades respons\u00e1veis por investiga\u00e7\u00f5es criminais cresceu de forma expressiva nos \u00faltimos anos e passou a levantar questionamentos de ordem constitucional e processual penal, especialmente quanto \u00e0 necessidade de autoriza\u00e7\u00e3o judicial, \u00e0 preserva\u00e7\u00e3o do sigilo de dados e aos limites da atua\u00e7\u00e3o investigativa. [&hellip;]<\/p>\n","protected":false},"author":0,"featured_media":0,"comment_status":"open","ping_status":"open","sticky":false,"template":"","format":"standard","meta":[],"categories":[1],"tags":[],"_links":{"self":[{"href":"https:\/\/aprimora.site\/carvalhoalmeidaadvogados\/wp-json\/wp\/v2\/posts\/22476"}],"collection":[{"href":"https:\/\/aprimora.site\/carvalhoalmeidaadvogados\/wp-json\/wp\/v2\/posts"}],"about":[{"href":"https:\/\/aprimora.site\/carvalhoalmeidaadvogados\/wp-json\/wp\/v2\/types\/post"}],"replies":[{"embeddable":true,"href":"https:\/\/aprimora.site\/carvalhoalmeidaadvogados\/wp-json\/wp\/v2\/comments?post=22476"}],"version-history":[{"count":0,"href":"https:\/\/aprimora.site\/carvalhoalmeidaadvogados\/wp-json\/wp\/v2\/posts\/22476\/revisions"}],"wp:attachment":[{"href":"https:\/\/aprimora.site\/carvalhoalmeidaadvogados\/wp-json\/wp\/v2\/media?parent=22476"}],"wp:term":[{"taxonomy":"category","embeddable":true,"href":"https:\/\/aprimora.site\/carvalhoalmeidaadvogados\/wp-json\/wp\/v2\/categories?post=22476"},{"taxonomy":"post_tag","embeddable":true,"href":"https:\/\/aprimora.site\/carvalhoalmeidaadvogados\/wp-json\/wp\/v2\/tags?post=22476"}],"curies":[{"name":"wp","href":"https:\/\/api.w.org\/{rel}","templated":true}]}}