{"id":22470,"date":"2026-04-30T00:58:23","date_gmt":"2026-04-30T03:58:23","guid":{"rendered":"https:\/\/aprimora.site\/carvalhoalmeidaadvogados\/2026\/04\/30\/a-verdadeira-modernizacao-ferroviaria-de-sao-paulo\/"},"modified":"2026-04-30T00:58:23","modified_gmt":"2026-04-30T03:58:23","slug":"a-verdadeira-modernizacao-ferroviaria-de-sao-paulo","status":"publish","type":"post","link":"https:\/\/aprimora.site\/carvalhoalmeidaadvogados\/2026\/04\/30\/a-verdadeira-modernizacao-ferroviaria-de-sao-paulo\/","title":{"rendered":"A verdadeira moderniza\u00e7\u00e3o ferrovi\u00e1ria de S\u00e3o Paulo"},"content":{"rendered":"<p><a href=\"https:\/\/press.siemens.com\/br\/pt\/comunicadodeimprensa\/siemens-mobility-modernizara-tres-linhas-da-rede-metropolitana-de-transporte\">O contrato de moderniza\u00e7\u00e3o de tr\u00eas linhas metropolitanas de S\u00e3o Paulo, divulgado em outubro de 2025<\/a>, j\u00e1 possu\u00eda relevo pr\u00f3prio, seja pela extens\u00e3o territorial da rede atingida, seja pela densidade tecnol\u00f3gica inerente \u00e0 implanta\u00e7\u00e3o de automa\u00e7\u00e3o sobre ETCS N\u00edvel 2 <strong>[1]<\/strong> em ambiente metropolitano de alta complexidade operacional.<\/p>\n<p><a href=\"https:\/\/www.linkedin.com\/posts\/siemens-mobility_transforming-mobility-in-latin-america-activity-7445485267123195904-D5Fg\">Agora, com a recente apresenta\u00e7\u00e3o, em chave regional, de projetos ferrovi\u00e1rios desenvolvidos no M\u00e9xico e no Chile<\/a>, sob a linguagem comum da transforma\u00e7\u00e3o digital da mobilidade, o caso brasileiro \u00e9 colocado em perspectiva ainda mais ampla, e, ao mesmo tempo, mais exigente. N\u00e3o se trata mais de epis\u00f3dio isolado de atualiza\u00e7\u00e3o tecnol\u00f3gica, mas um movimento de reorganiza\u00e7\u00e3o ferrovi\u00e1ria baseado em sistemas de comando, supervis\u00e3o e tratamento cont\u00ednuo de dados operacionais.<\/p>\n<p class=\"jota-cta\"><a href=\"https:\/\/www.jota.info\/produtos\/poder?utm_source=cta-site&amp;utm_medium=site&amp;utm_campaign=campanha_poder_q2&amp;utm_id=cta_texto_poder_q2_2023&amp;utm_term=cta_texto_poder&amp;utm_term=cta_texto_poder_meio_materias\"><span>Conhe\u00e7a o <span class=\"jota\">JOTA<\/span> PRO Poder, plataforma de monitoramento que oferece transpar\u00eancia e previsibilidade para empresas<\/span><\/a><\/p>\n<p>O projeto abrange 140 quil\u00f4metros de trilhos, 46 esta\u00e7\u00f5es e mais de 130 ve\u00edculos, tendo sido apresentado como a maior implementa\u00e7\u00e3o latino-americana de ATO <strong>[2]<\/strong> sobre ETCS N\u00edvel 2 <strong>[3]<\/strong> em redes urbanas maduras, submetidas a forte press\u00e3o de demanda, elevada sensibilidade a falhas e necessidade permanente de coordena\u00e7\u00e3o entre circula\u00e7\u00e3o, regularidade e resposta a conting\u00eancias.<\/p>\n<p>Portanto, a discuss\u00e3o sobre capacidade j\u00e1 n\u00e3o se esgota nos termos tradicionais da expans\u00e3o f\u00edsica da malha, da renova\u00e7\u00e3o da frota ou da inaugura\u00e7\u00e3o de novas esta\u00e7\u00f5es. Passa-se a depender da forma pela qual a infraestrutura existente \u00e9 governada, dos n\u00edveis de precis\u00e3o que se tornam tecnicamente alcan\u00e7\u00e1veis na condu\u00e7\u00e3o da opera\u00e7\u00e3o e, sobretudo, da possibilidade de converter essa nova inteligibilidade do sistema em par\u00e2metros verific\u00e1veis de desempenho.<\/p>\n<p>As redes de comportamento progressivamente mensur\u00e1vel alteram o ambiente normativo em que se inscrevem as obriga\u00e7\u00f5es do prestador, os instrumentos de fiscaliza\u00e7\u00e3o do poder p\u00fablico e os crit\u00e9rios pelos quais se pode aferir a utilidade p\u00fablica do servi\u00e7o.<\/p>\n<p>N\u00e3o h\u00e1 espa\u00e7o para formula\u00e7\u00f5es gen\u00e9ricas sobre moderniza\u00e7\u00e3o. H\u00e1 sim necessidade de maior densidade contratual e regulat\u00f3ria que considere vari\u00e1veis como intervalo, acelera\u00e7\u00e3o, frenagem, parada, ader\u00eancia entre programa\u00e7\u00e3o e execu\u00e7\u00e3o, recupera\u00e7\u00e3o ap\u00f3s perturba\u00e7\u00f5es e regularidade de circula\u00e7\u00e3o passam a ser capturadas de maneira mais cont\u00ednua, fina e rastre\u00e1vel.<\/p>\n<p>A sofistica\u00e7\u00e3o t\u00e9cnica embarcada na infraestrutura desloca o centro do debate para a disciplina institucional do servi\u00e7o. J\u00e1 n\u00e3o basta identificar quais solu\u00e7\u00f5es foram implementadas, sendo indispens\u00e1vel compreender de que modo a nova intelig\u00eancia operacional ser\u00e1 absorvida pelo regime de presta\u00e7\u00e3o, pelo desenho das obriga\u00e7\u00f5es exig\u00edveis, pelos mecanismos de controle e, ao fim, pela experi\u00eancia concreta do usu\u00e1rio da rede metropolitana.<\/p>\n<p>A relev\u00e2ncia desse deslocamento se torna ainda mais evidente quando se observa que a digitaliza\u00e7\u00e3o ferrovi\u00e1ria vem sendo apresentada, nos diferentes projetos latino-americanos, como instrumento de aumento de capacidade, efici\u00eancia de rede e coordena\u00e7\u00e3o da circula\u00e7\u00e3o.<\/p>\n<p>No M\u00e9xico, o contrato anunciado em mar\u00e7o de 2026 envolve ETCS N\u00edvel 1 e solu\u00e7\u00f5es de planejamento operacional para corredor ferrovi\u00e1rio federal superior a 300 quil\u00f4metros; no Chile, o projeto anunciado em novembro de 2025 foi apresentado como a primeira implementa\u00e7\u00e3o de ETCS N\u00edvel 2 no pa\u00eds, cobrindo 87 quil\u00f4metros e incorporando arquitetura digital orientada \u00e0 efici\u00eancia de rede.<\/p>\n<p>O ponto comum entre essas iniciativas est\u00e1 no fato de que, uma vez acopladas \u00e0 infraestrutura, elas ampliam a capacidade de observa\u00e7\u00e3o, processamento e coordena\u00e7\u00e3o da opera\u00e7\u00e3o, criando bases mais robustas para a convers\u00e3o de desempenho em dado, de dado em evid\u00eancia e de evid\u00eancia em obriga\u00e7\u00e3o institucionalmente control\u00e1vel.<\/p>\n<p>Da\u00ed decorre uma consequ\u00eancia menos vis\u00edvel, mas igualmente importante para o direito da infraestrutura: em setores nos quais a presta\u00e7\u00e3o do servi\u00e7o depende de coordena\u00e7\u00e3o t\u00e9cnica complexa, continuidade operacional e aloca\u00e7\u00e3o contratual minuciosa de riscos e responsabilidades, a amplia\u00e7\u00e3o da mensurabilidade do sistema tende a produzir efeitos diretos sobre a pr\u00f3pria gram\u00e1tica do cumprimento contratual.<\/p>\n<p>O debate deixa de orbitar apenas em torno da entrega formal de ativos e passa a alcan\u00e7ar, com mais intensidade, a ader\u00eancia entre desempenho prometido e desempenho efetivamente observado, a consist\u00eancia dos indicadores utilizados para fiscalizar a opera\u00e7\u00e3o, a materialidade das falhas, a imputa\u00e7\u00e3o de responsabilidade por perturba\u00e7\u00f5es e a robustez dos mecanismos destinados a tratar desvios persistentes de servi\u00e7o.<\/p>\n<p>Nesse ambiente, o controle mais qualificado pode contribuir para maior previsibilidade operacional e at\u00e9 reduzir lit\u00edgios associados \u00e0 opacidade da execu\u00e7\u00e3o. Isso n\u00e3o significa, por\u00e9m, um efeito linear de pacifica\u00e7\u00e3o. Ao elevar o grau de precis\u00e3o com que falhas, efeitos e nexos causais podem ser identificados, o mesmo ambiente tamb\u00e9m amplia o campo de disputa sobre o que exatamente ocorreu, quem responde por isso e quais consequ\u00eancias contratuais ou regulat\u00f3rias da\u00ed decorrem.<\/p>\n<p>Esse ponto recomenda cautela contra uma leitura excessivamente celebrat\u00f3ria da moderniza\u00e7\u00e3o. A incorpora\u00e7\u00e3o de sistemas mais sofisticados de automa\u00e7\u00e3o e sinaliza\u00e7\u00e3o n\u00e3o produz, por si, boa governan\u00e7a; ela apenas desloca o eixo da controv\u00e9rsia e torna mais exigente a governan\u00e7a necess\u00e1ria. Infraestruturas mais inteligentes n\u00e3o dispensam contratos mais densos, fiscaliza\u00e7\u00e3o mais qualificada ou regula\u00e7\u00e3o mais intelig\u00edvel; ao contr\u00e1rio, tornam mais custosa a perman\u00eancia de arranjos institucionais incapazes de traduzir intelig\u00eancia operacional em obriga\u00e7\u00e3o verific\u00e1vel de desempenho.<\/p>\n<p>O ganho potencial de capacidade, previsibilidade e confiabilidade que acompanha a digitaliza\u00e7\u00e3o ferrovi\u00e1ria pode permanecer parcial, reputacional ou assimetricamente apropriado se o desenho p\u00fablico-contratual n\u00e3o for capaz de absorver a nova camada de informa\u00e7\u00e3o produzida pelo sistema e convert\u00ea-la em par\u00e2metro efetivo de coordena\u00e7\u00e3o, controle e responsabiliza\u00e7\u00e3o. \u00c9 por isso que o caso paulista merece aten\u00e7\u00e3o mais s\u00e9ria do que a usualmente reservada a an\u00fancios empresariais de moderniza\u00e7\u00e3o.<\/p>\n<p class=\"jota-cta\"><a href=\"https:\/\/conteudo.jota.info\/marketing-lp-newsletter-ultimas-noticias?utm_source=jota&amp;utm_medium=lp&amp;utm_campaign=23-09-2024-jota-lp-eleicoes-2024-eleicoes-2024-none-audiencias-none&amp;utm_content=eleicoes-2024&amp;utm_term=none\"><span>Assine gratuitamente a newsletter \u00daltimas Not\u00edcias do <span class=\"jota\">JOTA<\/span> e receba as principais not\u00edcias jur\u00eddicas e pol\u00edticas do dia no seu email<\/span><\/a><\/p>\n<p>O que se projeta sobre S\u00e3o Paulo n\u00e3o \u00e9 apenas a ado\u00e7\u00e3o de tecnologia ferrovi\u00e1ria avan\u00e7ada em escala metropolitana, mas a abertura de um teste mais exigente sobre a maturidade institucional com que o poder p\u00fablico, os operadores e os \u00f3rg\u00e3os de controle ser\u00e3o capazes de lidar com uma infraestrutura cujo funcionamento se torna mais denso em informa\u00e7\u00e3o, mais sens\u00edvel \u00e0 aferi\u00e7\u00e3o e mais apto a sustentar pretens\u00f5es regulat\u00f3rias de desempenho.<\/p>\n<p>Em \u00faltima an\u00e1lise, o verdadeiro alcance do projeto n\u00e3o estar\u00e1 apenas no que foi instalado, mas na capacidade de transformar a intelig\u00eancia embarcada na rede em servi\u00e7o mais regular, mais previs\u00edvel e mais control\u00e1vel. \u00c9 nesse ponto, mais do que no brilho do equipamento, que a moderniza\u00e7\u00e3o ferrovi\u00e1ria de S\u00e3o Paulo passa a interessar ao debate contempor\u00e2neo sobre regula\u00e7\u00e3o da infraestrutura urbana.<\/p>\n<p>___________________________________________________________________<\/p>\n<p><strong>[1] ETCS N\u00edvel 2<\/strong>: <em>European Train Control System Level 2<\/em>, padr\u00e3o de sinaliza\u00e7\u00e3o e controle ferrovi\u00e1rio baseado em comunica\u00e7\u00e3o cont\u00ednua entre trem e via, com transmiss\u00e3o de autoriza\u00e7\u00f5es de movimento em tempo real, permitindo maior precis\u00e3o operacional, redu\u00e7\u00e3o de intervalos e incremento de capacidade da rede.<\/p>\n<p><strong>[2] ATO<\/strong>: <em>Automatic Train Operation<\/em>, sistema de automa\u00e7\u00e3o da condu\u00e7\u00e3o ferrovi\u00e1ria que auxilia ou executa fun\u00e7\u00f5es operacionais como acelera\u00e7\u00e3o, frenagem, parada e controle de velocidade, conforme o n\u00edvel de automa\u00e7\u00e3o adotado.<\/p>\n<p><strong>[3] ATO sobre ETCS N\u00edvel 2<\/strong>: arquitetura operacional em que a automa\u00e7\u00e3o da condu\u00e7\u00e3o ferrovi\u00e1ria atua integrada a um sistema avan\u00e7ado de controle e sinaliza\u00e7\u00e3o, combinando supervis\u00e3o cont\u00ednua da circula\u00e7\u00e3o com maior padroniza\u00e7\u00e3o da opera\u00e7\u00e3o, regularidade do servi\u00e7o e potencial de ganho de capacidade.<\/p>","protected":false},"excerpt":{"rendered":"<p>O contrato de moderniza\u00e7\u00e3o de tr\u00eas linhas metropolitanas de S\u00e3o Paulo, divulgado em outubro de 2025, j\u00e1 possu\u00eda relevo pr\u00f3prio, seja pela extens\u00e3o territorial da rede atingida, seja pela densidade tecnol\u00f3gica inerente \u00e0 implanta\u00e7\u00e3o de automa\u00e7\u00e3o sobre ETCS N\u00edvel 2 [1] em ambiente metropolitano de alta complexidade operacional. Agora, com a recente apresenta\u00e7\u00e3o, em chave [&hellip;]<\/p>\n","protected":false},"author":0,"featured_media":0,"comment_status":"open","ping_status":"open","sticky":false,"template":"","format":"standard","meta":[],"categories":[1],"tags":[],"_links":{"self":[{"href":"https:\/\/aprimora.site\/carvalhoalmeidaadvogados\/wp-json\/wp\/v2\/posts\/22470"}],"collection":[{"href":"https:\/\/aprimora.site\/carvalhoalmeidaadvogados\/wp-json\/wp\/v2\/posts"}],"about":[{"href":"https:\/\/aprimora.site\/carvalhoalmeidaadvogados\/wp-json\/wp\/v2\/types\/post"}],"replies":[{"embeddable":true,"href":"https:\/\/aprimora.site\/carvalhoalmeidaadvogados\/wp-json\/wp\/v2\/comments?post=22470"}],"version-history":[{"count":0,"href":"https:\/\/aprimora.site\/carvalhoalmeidaadvogados\/wp-json\/wp\/v2\/posts\/22470\/revisions"}],"wp:attachment":[{"href":"https:\/\/aprimora.site\/carvalhoalmeidaadvogados\/wp-json\/wp\/v2\/media?parent=22470"}],"wp:term":[{"taxonomy":"category","embeddable":true,"href":"https:\/\/aprimora.site\/carvalhoalmeidaadvogados\/wp-json\/wp\/v2\/categories?post=22470"},{"taxonomy":"post_tag","embeddable":true,"href":"https:\/\/aprimora.site\/carvalhoalmeidaadvogados\/wp-json\/wp\/v2\/tags?post=22470"}],"curies":[{"name":"wp","href":"https:\/\/api.w.org\/{rel}","templated":true}]}}