{"id":22469,"date":"2026-04-29T23:06:23","date_gmt":"2026-04-30T02:06:23","guid":{"rendered":"https:\/\/aprimora.site\/carvalhoalmeidaadvogados\/2026\/04\/29\/flavio-bolsonaro-diz-que-derrota-de-messias-e-sinal-de-que-governo-lula-acabou\/"},"modified":"2026-04-29T23:06:23","modified_gmt":"2026-04-30T02:06:23","slug":"flavio-bolsonaro-diz-que-derrota-de-messias-e-sinal-de-que-governo-lula-acabou","status":"publish","type":"post","link":"https:\/\/aprimora.site\/carvalhoalmeidaadvogados\/2026\/04\/29\/flavio-bolsonaro-diz-que-derrota-de-messias-e-sinal-de-que-governo-lula-acabou\/","title":{"rendered":"Fl\u00e1vio Bolsonaro diz que derrota de Messias \u00e9 sinal de que \u2018governo Lula acabou\u2019"},"content":{"rendered":"<p>O senador e pr\u00e9-candidato \u00e0 Presid\u00eancia Fl\u00e1vio Bolsonaro (PL-RJ) afirmou que a negativa da indica\u00e7\u00e3o de <a href=\"https:\/\/www.jota.info\/tudo-sobre\/jorge-messias\">Jorge Messias<\/a> ao Supremo Tribunal Federal (<a href=\"https:\/\/www.jota.info\/legislativo\/senado-rejeita-nome-de-messias-para-o-stf-com-42-votos-contrarios-em-derrota-historica-de-lula\">STF<\/a>) indica o fim da governabilidade do presidente Lula (PT). \u201cPara mim, com essa vota\u00e7\u00e3o, o governo acabou\u201d, disse o filho do ex-presidente Jair Bolsonaro. O nome do ministro da Advocacia-Geral da Uni\u00e3o (AGU) para a Corte foi <a href=\"https:\/\/www.jota.info\/legislativo\/senado-rejeita-nome-de-messias-para-o-stf-com-42-votos-contrarios-em-derrota-historica-de-lula\">rejeitado<\/a> com 42 votos contr\u00e1rios nesta quarta-feira (29\/4), fato que n\u00e3o ocorria desde 1894.<\/p>\n<p>\u201cEssa \u00e9 a prova de que o governo Lula n\u00e3o tem mais governabilidade\u201d, disse ap\u00f3s a sess\u00e3o do Senado. \u201cIsso tudo \u00e9 o que se refletiu aqui em plen\u00e1rio hoje, essa grande insatisfa\u00e7\u00e3o da classe pol\u00edtica com o que vem acontecendo e diante da total in\u00e9rcia por parte dessa autoconten\u00e7\u00e3o do STF (sic)\u201d, continuou.<\/p>\n<p class=\"jota-cta\"><a href=\"https:\/\/www.jota.info\/produtos\/poder?utm_source=cta-site&amp;utm_medium=site&amp;utm_campaign=campanha_poder_q2&amp;utm_id=cta_texto_poder_q2_2023&amp;utm_term=cta_texto_poder&amp;utm_term=cta_texto_poder_meio_materias\"><span>Conhe\u00e7a o <span class=\"jota\">JOTA<\/span> PRO Poder, plataforma de monitoramento que oferece transpar\u00eancia e previsibilidade para empresas<\/span><\/a><\/p>\n<p>\u201cPara mim, com essa vota\u00e7\u00e3o, o governo acabou. O governo n\u00e3o tem governabilidade, n\u00e3o tem mais a menor condi\u00e7\u00e3o de tratar de absolutamente nada aqui. Isto \u00e9 consequ\u00eancia de muita incompet\u00eancia e de muita corrup\u00e7\u00e3o no governo Lula\u201d, afirmou.<\/p>\n<p>A rejei\u00e7\u00e3o de uma indica\u00e7\u00e3o ao Supremo n\u00e3o ocorria desde 1894, durante a presid\u00eancia de Floriano Peixoto. A derrota de Messias foi comemorada por opositores ao governo com gritos de \u201cFora, Lula!\u201d. O AGU recebeu somente 34 votos favor\u00e1veis. Houve uma absten\u00e7\u00e3o.<\/p>\n<p>Fl\u00e1vio Bolsonaro disse que o resultado j\u00e1 era esperado. O senador, principal oponente de Lula nas elei\u00e7\u00f5es deste ano, considera que a derrota indica que o presidente n\u00e3o ser\u00e1 reeleito.<\/p>\n<p class=\"jota-cta\"><a href=\"https:\/\/conteudo.jota.info\/marketing-lp-newsletter-ultimas-noticias?utm_source=jota&amp;utm_medium=lp&amp;utm_campaign=23-09-2024-jota-lp-eleicoes-2024-eleicoes-2024-none-audiencias-none&amp;utm_content=eleicoes-2024&amp;utm_term=none\"><span>Assine gratuitamente a newsletter \u00daltimas Not\u00edcias do <span class=\"jota\">JOTA<\/span> e receba as principais not\u00edcias jur\u00eddicas e pol\u00edticas do dia no seu email<\/span><\/a><\/p>\n<p>\u201c\u00c9 um governo que n\u00e3o consegue mostrar tra\u00e7\u00e3o, n\u00e3o consegue dar uma esperan\u00e7a para a popula\u00e7\u00e3o, n\u00e3o resolve os problemas da sociedade, trata mal a classe pol\u00edtica como um todo. Isso aqui \u00e9 uma prova, sim, de fragilidade do governo Lula. Mas isso a\u00ed, eu acho que j\u00e1 era esperado. A \u00fanica certeza que eu tenho \u00e9 que a partir de 2027 o Lula n\u00e3o ser\u00e1 mais presidente da Rep\u00fablica, e eu acho s\u00f3 que eu estou errando a data: pode ser a partir de 2026\u201d, afirmou.<\/p>\n<p>O senador disse que, da sua parte, n\u00e3o houve articula\u00e7\u00e3o para derrotar o ministro. \u201cPela primeira vez, eu vi algo acontecendo de forma espont\u00e2nea. N\u00e3o teve articula\u00e7\u00e3o, pelo menos da minha parte. N\u00e3o trabalhei pedindo votos contra\u201d, disse<\/p>\n<p>O l\u00edder da Oposi\u00e7\u00e3o no Congresso, Rog\u00e9rio Marinho (PL-RN), afirmou que no in\u00edcio desta semana, ap\u00f3s reuni\u00e3o com a bancada junto Fl\u00e1vio Bolsonaro, os parlamentares opositores ao governo tiveram a \u201cconvic\u00e7\u00e3o\u201d de que teriam grande parte dos votos.<\/p>","protected":false},"excerpt":{"rendered":"<p>O senador e pr\u00e9-candidato \u00e0 Presid\u00eancia Fl\u00e1vio Bolsonaro (PL-RJ) afirmou que a negativa da indica\u00e7\u00e3o de Jorge Messias ao Supremo Tribunal Federal (STF) indica o fim da governabilidade do presidente Lula (PT). \u201cPara mim, com essa vota\u00e7\u00e3o, o governo acabou\u201d, disse o filho do ex-presidente Jair Bolsonaro. O nome do ministro da Advocacia-Geral da Uni\u00e3o [&hellip;]<\/p>\n","protected":false},"author":0,"featured_media":0,"comment_status":"open","ping_status":"open","sticky":false,"template":"","format":"standard","meta":[],"categories":[1],"tags":[],"_links":{"self":[{"href":"https:\/\/aprimora.site\/carvalhoalmeidaadvogados\/wp-json\/wp\/v2\/posts\/22469"}],"collection":[{"href":"https:\/\/aprimora.site\/carvalhoalmeidaadvogados\/wp-json\/wp\/v2\/posts"}],"about":[{"href":"https:\/\/aprimora.site\/carvalhoalmeidaadvogados\/wp-json\/wp\/v2\/types\/post"}],"replies":[{"embeddable":true,"href":"https:\/\/aprimora.site\/carvalhoalmeidaadvogados\/wp-json\/wp\/v2\/comments?post=22469"}],"version-history":[{"count":0,"href":"https:\/\/aprimora.site\/carvalhoalmeidaadvogados\/wp-json\/wp\/v2\/posts\/22469\/revisions"}],"wp:attachment":[{"href":"https:\/\/aprimora.site\/carvalhoalmeidaadvogados\/wp-json\/wp\/v2\/media?parent=22469"}],"wp:term":[{"taxonomy":"category","embeddable":true,"href":"https:\/\/aprimora.site\/carvalhoalmeidaadvogados\/wp-json\/wp\/v2\/categories?post=22469"},{"taxonomy":"post_tag","embeddable":true,"href":"https:\/\/aprimora.site\/carvalhoalmeidaadvogados\/wp-json\/wp\/v2\/tags?post=22469"}],"curies":[{"name":"wp","href":"https:\/\/api.w.org\/{rel}","templated":true}]}}