{"id":22468,"date":"2026-04-29T23:06:23","date_gmt":"2026-04-30T02:06:23","guid":{"rendered":"https:\/\/aprimora.site\/carvalhoalmeidaadvogados\/2026\/04\/29\/nao-e-simples-alguem-com-minha-trajetoria-passar-por-reprovacao-diz-messias-rejeitado-para-o-stf\/"},"modified":"2026-04-29T23:06:23","modified_gmt":"2026-04-30T02:06:23","slug":"nao-e-simples-alguem-com-minha-trajetoria-passar-por-reprovacao-diz-messias-rejeitado-para-o-stf","status":"publish","type":"post","link":"https:\/\/aprimora.site\/carvalhoalmeidaadvogados\/2026\/04\/29\/nao-e-simples-alguem-com-minha-trajetoria-passar-por-reprovacao-diz-messias-rejeitado-para-o-stf\/","title":{"rendered":"\u2018N\u00e3o \u00e9 simples algu\u00e9m com minha trajet\u00f3ria passar por reprova\u00e7\u00e3o\u2019, diz Messias, rejeitado para o STF"},"content":{"rendered":"<p>Ap\u00f3s ser rejeitado pelo Senado \u00e0 vaga de ministro do Supremo Tribunal Federal (<a href=\"https:\/\/www.jota.info\/tudo-sobre\/stf\">STF<\/a>), o advogado-geral da Uni\u00e3o Jorge Messias fez um r\u00e1pido pronunciamento. Destacou a frustra\u00e7\u00e3o pessoal, disse que o Senado \u00e9 soberano em suas decis\u00f5es e condenou o que chamou de \u201cmentiras\u201d para desconstruir a sua imagem.<\/p>\n<p>\u201cN\u00e3o \u00e9 simples algu\u00e9m com a minha trajet\u00f3ria passar por uma reprova\u00e7\u00e3o\u201d, disse, emocionado. Messias destacou que \u00e9 funcion\u00e1rio p\u00fablico e que a carreira dele n\u00e3o se encerra agora. Desde 1894, no governo de Floriano Peixoto, uma indica\u00e7\u00e3o para o STF n\u00e3o era rejeitada pelo Senado.<\/p>\n<p class=\"jota-cta\"><a href=\"https:\/\/conteudo.jota.info\/marketing-lp-newsletter-ultimas-noticias?utm_source=jota&amp;utm_medium=lp&amp;utm_campaign=23-09-2024-jota-lp-eleicoes-2024-eleicoes-2024-none-audiencias-none&amp;utm_content=eleicoes-2024&amp;utm_term=none\"><span>Assine gratuitamente a newsletter \u00daltimas Not\u00edcias do <span class=\"jota\">JOTA<\/span> e receba as principais not\u00edcias jur\u00eddicas e pol\u00edticas do dia no seu email<\/span><\/a><\/p>\n<p>Messias destacou que passou 5 meses trabalhando para a aprova\u00e7\u00e3o e chegou a conversar com 78 senadores. Mas, sem entrar em detalhes, disse que sofreu \u201ctoda sorte de mentiras\u201d para \u201cdesconstruir a imagem\u201d e completou, enigm\u00e1tico: \u201cN\u00f3s sabemos quem promoveu isso\u201d.<\/p>\n<p><a href=\"https:\/\/www.jota.info\/legislativo\/messias-e-aprovado-na-ccj-em-votacao-apertada-com-16-dos-14-votos-necessarios\">O AGU passou por oito horas de sabatina e chegou a ser aprovado na Comiss\u00e3o de Constitui\u00e7\u00e3o e Justi\u00e7a (CCJ)<\/a>, mas foi rejeitado no plen\u00e1rio com um placar de 42 votos contr\u00e1rios \u00e0 indica\u00e7\u00e3o, 34 favor\u00e1veis e 1 absten\u00e7\u00e3o.<\/p>\n<p>Messias foi indicado por Lula para a vaga aberta pela aposentadoria de Lu\u00eds Roberto Barroso, em outubro de 2025.<\/p>\n<h2>Fachin diz que Corte aguarda novo membro<\/h2>\n<p>O presidente do STF, <a href=\"https:\/\/www.jota.info\/tudo-sobre\/edson-fachin\">Edson Fachin<\/a>, por meio de nota, comunicou que soube da reprova\u00e7\u00e3o de Messias \u00e0 vaga aberta na Corte e disse que respeita a prerrogativa do Senado Federal.<\/p>\n<p>Fachin ressaltou que o STF aguarda \u201ccom a serenidade e o senso de responsabilidade institucional\u201d as provid\u00eancias cab\u00edveis para o preenchimento da vaga.<\/p>\n<p class=\"jota-cta\"><a href=\"https:\/\/whatsapp.com\/channel\/0029VaFvFd73rZZflK7yGD0I\">Inscreva-se no canal de not\u00edcias do <span class=\"jota\">JOTA<\/span> no WhatsApp e fique por dentro das principais discuss\u00f5es do pa\u00eds!<\/a><\/p>\n<p>\u201cReitera, igualmente, o respeito \u00e0 hist\u00f3ria pessoal e institucional de todos os agentes p\u00fablicos envolvidos no processo, reconhecendo que a vida republicana se fortalece quando diverg\u00eancias s\u00e3o tratadas com eleva\u00e7\u00e3o, urbanidade e responsabilidade p\u00fablica\u201d.<\/p>","protected":false},"excerpt":{"rendered":"<p>Ap\u00f3s ser rejeitado pelo Senado \u00e0 vaga de ministro do Supremo Tribunal Federal (STF), o advogado-geral da Uni\u00e3o Jorge Messias fez um r\u00e1pido pronunciamento. Destacou a frustra\u00e7\u00e3o pessoal, disse que o Senado \u00e9 soberano em suas decis\u00f5es e condenou o que chamou de \u201cmentiras\u201d para desconstruir a sua imagem. \u201cN\u00e3o \u00e9 simples algu\u00e9m com a [&hellip;]<\/p>\n","protected":false},"author":0,"featured_media":0,"comment_status":"open","ping_status":"open","sticky":false,"template":"","format":"standard","meta":[],"categories":[1],"tags":[],"_links":{"self":[{"href":"https:\/\/aprimora.site\/carvalhoalmeidaadvogados\/wp-json\/wp\/v2\/posts\/22468"}],"collection":[{"href":"https:\/\/aprimora.site\/carvalhoalmeidaadvogados\/wp-json\/wp\/v2\/posts"}],"about":[{"href":"https:\/\/aprimora.site\/carvalhoalmeidaadvogados\/wp-json\/wp\/v2\/types\/post"}],"replies":[{"embeddable":true,"href":"https:\/\/aprimora.site\/carvalhoalmeidaadvogados\/wp-json\/wp\/v2\/comments?post=22468"}],"version-history":[{"count":0,"href":"https:\/\/aprimora.site\/carvalhoalmeidaadvogados\/wp-json\/wp\/v2\/posts\/22468\/revisions"}],"wp:attachment":[{"href":"https:\/\/aprimora.site\/carvalhoalmeidaadvogados\/wp-json\/wp\/v2\/media?parent=22468"}],"wp:term":[{"taxonomy":"category","embeddable":true,"href":"https:\/\/aprimora.site\/carvalhoalmeidaadvogados\/wp-json\/wp\/v2\/categories?post=22468"},{"taxonomy":"post_tag","embeddable":true,"href":"https:\/\/aprimora.site\/carvalhoalmeidaadvogados\/wp-json\/wp\/v2\/tags?post=22468"}],"curies":[{"name":"wp","href":"https:\/\/api.w.org\/{rel}","templated":true}]}}